{"id":19930,"date":"2015-07-21T14:08:40","date_gmt":"2015-07-21T13:08:40","guid":{"rendered":"http:\/\/www.fg.ull.es\/es\/?p=19930"},"modified":"2015-07-21T14:08:40","modified_gmt":"2015-07-21T13:08:40","slug":"las-jornadas-informativas-del-programa-erasmus-para-jovenes-emprendedores-reunieron-a-mas-de-una-veintena-de-personas","status":"publish","type":"post","link":"https:\/\/fg.ull.es\/hemeroteca\/2015\/07\/21\/las-jornadas-informativas-del-programa-erasmus-para-jovenes-emprendedores-reunieron-a-mas-de-una-veintena-de-personas\/","title":{"rendered":"Las jornadas informativas del programa \u2018Erasmus para J\u00f3venes Emprendedores\u2019 reunieron a m\u00e1s de una veintena de personas"},"content":{"rendered":"<h1><strong>Las jornadas informativas del programa \u2018Erasmus para J\u00f3venes Emprendedores\u2019 reunieron a m\u00e1s de una veintena de personas<\/strong><\/h1>\n<h4><span style=\"color: #ffffff\">&#8211;<\/span><\/h4>\n<h4>Se han celebrado hoy, 21 de julio, de 11 a 13 horas en el aulario de la Fundaci\u00f3n General de la ULL. Estaban dirigidas a la comunidad emprendedora con iniciativas creadas en los \u00faltimos 3 a\u00f1os o con un plan de negocios elaborado y a empresariado con una trayectoria ya consolidada.<\/h4>\n<p>&nbsp;<br \/>\nHoy, 21 de julio, han tenido lugar en la Fundaci\u00f3n General de la Universidad de La Laguna unas jornadas informativas sobre el programa europeo \u2018Erasmus para J\u00f3venes Emprendedores\u2019. Han estado dirigidas a la comunidad emprendedora con iniciativas creadas en los \u00faltimos tres a\u00f1os o que ya tuvieran elaborado un plan de negocio, as\u00ed como tambi\u00e9n a empresariado con una trayectoria ya consolidada. Las jornadas han contado con la asistencia de 21 personas.<br \/>\nLos ponentes de la charla fueron Santa Puce, t\u00e9cnica de movilidad de la Fundaci\u00f3n General de la ULL, y Ricardo Tav\u00edo, director del \u00e1rea de proyectos europeos de EVM. As\u00ed, en las jornadas estuvieron representadas las dos entidades intermediarias espa\u00f1olas del consorcio liderado por la Fundaci\u00f3n.<br \/>\nLas personas asistentes han podido conocer m\u00e1s acerca de este programa de movilidad europeo que consiste en la realizaci\u00f3n de intercambios transnacionales, en el que emprendedores\/as noveles y personas que desean crear una empresa tienen la oportunidad de aprender de empresariado experimentado que dirige peque\u00f1as empresas en otros pa\u00edses participantes. El intercambio de experiencias se produce en el marco de estancias de entre uno y seis meses en empresas consolidadas de otro pa\u00eds europeo, durante las cuales las personas emprendedoras podr\u00e1n adquirir las habilidades necesarias para dirigir su propia empresa.<br \/>\nAquellas empresas canarias que deseen participar en este programa no tendr\u00e1n que asumir ning\u00fan coste, ya que las personas emprendedoras recibir\u00e1n una bolsa de ayuda mensual de 1.100 euros financiada por la Comisi\u00f3n Europea y la Fundaci\u00f3n General de la ULL. Adem\u00e1s, se beneficiar\u00e1n de una nueva perspectiva sobre su negocio que podr\u00e1 aportarle la persona emprendedora, as\u00ed como la oportunidad de cooperar con socios extranjeros o conocer nuevos mercados.<br \/>\nPor su parte, la comunidad emprendedora podr\u00e1 participar en esta convocatoria si tienen una iniciativa empresarial creada durante los \u00faltimos tres a\u00f1os o si tienen un plan de negocio elaborado o en proceso de elaboraci\u00f3n. Asimismo, aquellas personas que deseen participar en el proyecto y que tengan una idea empresarial pero todav\u00eda no hayan comenzado a desarrollar el plan de negocio, pueden acudir a la Unidad de Emprendimiento de la Fundaci\u00f3n General de la ULL, Emprende.ull, donde se les ofrecer\u00e1 apoyo y asesoramiento para desarrollarlo.<br \/>\nLas personas y empresas interesadas en inscribirse en el programa deber\u00e1n seleccionar a la Fundaci\u00f3n General como su entidad intermediaria en la p\u00e1gina web <a href=\"http:\/\/www.erasmus-entrepreneurs.eu\">www.erasmus-entrepreneurs.eu<\/a>. El equipo t\u00e9cnico de la Fundaci\u00f3n ofrecer\u00e1 apoyo con todos los tr\u00e1mites de registro.<\/p>\n","protected":false},"excerpt":{"rendered":"<p>Se han celebrado hoy, 21 de julio, de 11 a 13 horas en el aulario de la Fundaci\u00f3n General de la ULL. Estaban dirigidas a la comunidad emprendedora con iniciativas creadas en los \u00faltimos 3 a\u00f1os o con un plan de negocios elaborado y a empresariado con una trayectoria ya consolidada.<\/p>\n","protected":false},"author":1,"featured_media":19932,"comment_status":"closed","ping_status":"closed","sticky":false,"template":"","format":"standard","meta":{"footnotes":""},"categories":[3,11,13],"tags":[533,541,548,574,1019,1353,1424],"featured_image_thumbnail_url":"https:\/\/fg.ull.es\/hemeroteca\/wp-content\/uploads\/sites\/14\/2015\/07\/DSC_0670-300x201.jpg","_links":{"self":[{"href":"https:\/\/fg.ull.es\/hemeroteca\/wp-json\/wp\/v2\/posts\/19930"}],"collection":[{"href":"https:\/\/fg.ull.es\/hemeroteca\/wp-json\/wp\/v2\/posts"}],"about":[{"href":"https:\/\/fg.ull.es\/hemeroteca\/wp-json\/wp\/v2\/types\/post"}],"author":[{"embeddable":true,"href":"https:\/\/fg.ull.es\/hemeroteca\/wp-json\/wp\/v2\/users\/1"}],"replies":[{"embeddable":true,"href":"https:\/\/fg.ull.es\/hemeroteca\/wp-json\/wp\/v2\/comments?post=19930"}],"version-history":[{"count":0,"href":"https:\/\/fg.ull.es\/hemeroteca\/wp-json\/wp\/v2\/posts\/19930\/revisions"}],"wp:featuredmedia":[{"embeddable":true,"href":"https:\/\/fg.ull.es\/hemeroteca\/wp-json\/wp\/v2\/media\/19932"}],"wp:attachment":[{"href":"https:\/\/fg.ull.es\/hemeroteca\/wp-json\/wp\/v2\/media?parent=19930"}],"wp:term":[{"taxonomy":"category","embeddable":true,"href":"https:\/\/fg.ull.es\/hemeroteca\/wp-json\/wp\/v2\/categories?post=19930"},{"taxonomy":"post_tag","embeddable":true,"href":"https:\/\/fg.ull.es\/hemeroteca\/wp-json\/wp\/v2\/tags?post=19930"}],"curies":[{"name":"wp","href":"https:\/\/api.w.org\/{rel}","templated":true}]}}