{"id":19620,"date":"2015-07-16T09:08:09","date_gmt":"2015-07-16T08:08:09","guid":{"rendered":"http:\/\/www.fg.ull.es\/?p=19620"},"modified":"2015-07-16T09:08:09","modified_gmt":"2015-07-16T08:08:09","slug":"resultados-provisionales-de-la-parte-a-del-examen-para-la-obtencion-de-acreditaciones-de-ingles-acles-3","status":"publish","type":"post","link":"https:\/\/fg.ull.es\/hemeroteca\/2015\/07\/16\/resultados-provisionales-de-la-parte-a-del-examen-para-la-obtencion-de-acreditaciones-de-ingles-acles-3\/","title":{"rendered":"Resultados provisionales de la parte A del examen para la obtenci\u00f3n de acreditaciones de ingl\u00e9s ACLES"},"content":{"rendered":"<h1>Resultados provisionales de la parte A del examen para la obtenci\u00f3n de acreditaciones de ingl\u00e9s ACLES<\/h1>\n<h4><\/h4>\n<h4>Publicados los resultados de la parte escrita de los ex\u00e1menes de acreditaci\u00f3n de ingl\u00e9s ACLES, niveles B1 y B2, de la convocatoria celebrada el pasado 10 de julio.<\/h4>\n<p>&nbsp;<br \/>\n<a href=\"http:\/\/www.fg.ull.es\/wp-content\/uploads\/2015\/07\/resultados-provisionales-B1Parte-A-2.pdf\" target=\"_blank\" rel=\"noopener noreferrer\">Resultados provisionales (parte A) nivel B1<\/a><br \/>\n<a href=\"http:\/\/www.fg.ull.es\/wp-content\/uploads\/2015\/07\/resultados-provisionales-B2Parte-A.pdf\" target=\"_blank\" rel=\"noopener noreferrer\">Resultados provisionales (parte A) nivel B2\u00a0<\/a><br \/>\nSe les recuerda que las revisiones y reclamaciones se har\u00e1n, \u00fanicamente de forma presencial, ma\u00f1ana 17 de julio, en horario de 12:00 a 14:00 horas, en el aulario de la Fundaci\u00f3n General.<br \/>\nFinalizado el periodo de revisi\u00f3n se publicar\u00e1n los resultados definitivos y se convocar\u00e1 a aquellas personas que hayan superado la prueba escrita para la realizaci\u00f3n del examen oral (parte B).<\/p>\n","protected":false},"excerpt":{"rendered":"<p>Publicados los resultados de la parte escrita de los ex\u00e1menes de acreditaci\u00f3n de ingl\u00e9s ACLES, niveles B1 y B2, de la convocatoria celebrada el pasado 10 de julio.<\/p>\n","protected":false},"author":3,"featured_media":14557,"comment_status":"closed","ping_status":"closed","sticky":false,"template":"","format":"standard","meta":{"footnotes":""},"categories":[5,11],"tags":[121,504,780,817,1286,1353,1424],"featured_image_thumbnail_url":"https:\/\/fg.ull.es\/hemeroteca\/wp-content\/uploads\/sites\/14\/2015\/04\/2295_wv_logo_acles_para_documentos-196x300.png","_links":{"self":[{"href":"https:\/\/fg.ull.es\/hemeroteca\/wp-json\/wp\/v2\/posts\/19620"}],"collection":[{"href":"https:\/\/fg.ull.es\/hemeroteca\/wp-json\/wp\/v2\/posts"}],"about":[{"href":"https:\/\/fg.ull.es\/hemeroteca\/wp-json\/wp\/v2\/types\/post"}],"author":[{"embeddable":true,"href":"https:\/\/fg.ull.es\/hemeroteca\/wp-json\/wp\/v2\/users\/3"}],"replies":[{"embeddable":true,"href":"https:\/\/fg.ull.es\/hemeroteca\/wp-json\/wp\/v2\/comments?post=19620"}],"version-history":[{"count":0,"href":"https:\/\/fg.ull.es\/hemeroteca\/wp-json\/wp\/v2\/posts\/19620\/revisions"}],"wp:featuredmedia":[{"embeddable":true,"href":"https:\/\/fg.ull.es\/hemeroteca\/wp-json\/wp\/v2\/media\/14557"}],"wp:attachment":[{"href":"https:\/\/fg.ull.es\/hemeroteca\/wp-json\/wp\/v2\/media?parent=19620"}],"wp:term":[{"taxonomy":"category","embeddable":true,"href":"https:\/\/fg.ull.es\/hemeroteca\/wp-json\/wp\/v2\/categories?post=19620"},{"taxonomy":"post_tag","embeddable":true,"href":"https:\/\/fg.ull.es\/hemeroteca\/wp-json\/wp\/v2\/tags?post=19620"}],"curies":[{"name":"wp","href":"https:\/\/api.w.org\/{rel}","templated":true}]}}