{"id":19583,"date":"2015-07-15T13:07:05","date_gmt":"2015-07-15T12:07:05","guid":{"rendered":"http:\/\/www.fg.ull.es\/?p=19583"},"modified":"2015-07-15T13:07:05","modified_gmt":"2015-07-15T12:07:05","slug":"el-tercer-fit-seminar-abordara-los-retos-y-tendencias-en-la-comercializacion-de-los-destinos-turisticos-inteligentes","status":"publish","type":"post","link":"https:\/\/fg.ull.es\/hemeroteca\/2015\/07\/15\/el-tercer-fit-seminar-abordara-los-retos-y-tendencias-en-la-comercializacion-de-los-destinos-turisticos-inteligentes\/","title":{"rendered":"El tercer \u2018FIT Seminar\u2019 abordar\u00e1 los retos y tendencias en la comercializaci\u00f3n de los destinos tur\u00edsticos inteligentes"},"content":{"rendered":"<h1><strong>El tercer \u2018FIT Seminar\u2019 abordar\u00e1 los retos y tendencias en la comercializaci\u00f3n de los destinos tur\u00edsticos inteligentes<\/strong><\/h1>\n<p>&nbsp;<\/p>\n<h4>Se celebrar\u00e1 del 22 al 24 de julio en la Factor\u00eda de Innovaci\u00f3n Tur\u00edstica de Canarias, ubicada en el Centro de Desarrollo Tur\u00edstico Costa Adeje. Tendr\u00e1 una duraci\u00f3n de 12 horas y se celebrar\u00e1 en horario de 9 a 24 horas.<\/h4>\n<p>&nbsp;<br \/>\nLa segunda edici\u00f3n del \u2018Curso de Especializaci\u00f3n hacia Destinos Tur\u00edsticos Inteligentes\u2019 celebrar\u00e1 su tercer seminario del 22 al 24 de julio de 9 a 14 horas en la sede de la Factor\u00eda de Innovaci\u00f3n Tur\u00edstica de Canarias, que est\u00e1 ubicada en el Centro de Desarrollo Tur\u00edstico Costa Adeje. Esta formaci\u00f3n est\u00e1 especialmente dirigido a profesionales del sector tur\u00edstico dedicados a la gesti\u00f3n p\u00fablico-privada, directores de empresas tur\u00edsticas, comunicad universitaria interesada en el sector tur\u00edstico y cualquier otro profesional que necesite formarse en las nuevas herramientas digitales vinculado a los destinos Smart.<br \/>\nEl objetivo del seminario ser\u00e1 acercar a los profesionales tur\u00edsticos las herramientas que el desarrollo tecnol\u00f3gico pone a su alcance a trav\u00e9s de la comercializaci\u00f3n digital, as\u00ed como todo aquello puede repercutir en la sostenibilidad de los destinos tur\u00edsticos. Adem\u00e1s, pondr\u00e1 al servicio de las empresas tur\u00edsticas diferentes recursos de comercializaci\u00f3n digital y se centrar\u00e1 en la manera de hacer unos destinos tur\u00edsticos m\u00e1s sostenibles.<br \/>\nEsta acci\u00f3n formativa se estructurar\u00e1 en tres sesiones, una te\u00f3rica y dos pr\u00e1cticas como. As\u00ed, se impartir\u00e1n dos talleres sobre modelos de negocio en destinos inteligentes y sobre video marketing y estrategias de marketing digital. Por otro lado, se llevar\u00e1 a cabo un panel de conferencias donde expertos del Cluster Turisfera y Turismo de Tenerife compartir\u00e1n sus experiencias y conocimientos con los asistentes.<br \/>\nLa formaci\u00f3n parte de un conjunto de seis seminarios, de los cuales ya se han impartido dos, bajo la conceptualizaci\u00f3n de los destinos inteligentes (smart destinations) que se imparten en colaboraci\u00f3n con las entidades indicadas. Aquellas personas que asistan a todos ellos obtendr\u00e1n el t\u00edtulo del \u201cCurso de Especializaci\u00f3n en Destinos Inteligentes\u201d, organizado por la C\u00e1tedra de Turismo Ashotel-Cajacanarias-ULL y Factor\u00eda de Innovaci\u00f3n Tur\u00edstica Canarias<br \/>\nLa inscripci\u00f3n se podr\u00e1 realizar hasta el mismo d\u00eda 22 de julio a trav\u00e9s de la sede electr\u00f3nica de la Fundaci\u00f3n General de la ULL.<br \/>\n<a href=\"https:\/\/sede.fg.ull.es\/es\/curso\/detalle\/a15030315\/3-fit-seminar-retos-y-tendencias-en-la-comercializacion-en-los-destinos-turisticos-inteligentes\">(M\u00e1s informaci\u00f3n e inscripci\u00f3n aqu\u00ed)<\/a><\/p>\n","protected":false},"excerpt":{"rendered":"<p>Se celebrar\u00e1 del 22 al 24 de julio en la Factor\u00eda de Innovaci\u00f3n Tur\u00edstica de Canarias, ubicada en el Centro de Desarrollo Tur\u00edstico Costa Adeje. Tendr\u00e1 una duraci\u00f3n de 12 horas y se celebrar\u00e1 en horario de 9 a 24 horas. <\/p>\n","protected":false},"author":1,"featured_media":19584,"comment_status":"closed","ping_status":"closed","sticky":false,"template":"","format":"standard","meta":{"footnotes":""},"categories":[12,13],"tags":[672,821,1353,1392,1424],"featured_image_thumbnail_url":"https:\/\/fg.ull.es\/hemeroteca\/wp-content\/uploads\/sites\/14\/2015\/07\/img-dti-300x204.jpg","_links":{"self":[{"href":"https:\/\/fg.ull.es\/hemeroteca\/wp-json\/wp\/v2\/posts\/19583"}],"collection":[{"href":"https:\/\/fg.ull.es\/hemeroteca\/wp-json\/wp\/v2\/posts"}],"about":[{"href":"https:\/\/fg.ull.es\/hemeroteca\/wp-json\/wp\/v2\/types\/post"}],"author":[{"embeddable":true,"href":"https:\/\/fg.ull.es\/hemeroteca\/wp-json\/wp\/v2\/users\/1"}],"replies":[{"embeddable":true,"href":"https:\/\/fg.ull.es\/hemeroteca\/wp-json\/wp\/v2\/comments?post=19583"}],"version-history":[{"count":0,"href":"https:\/\/fg.ull.es\/hemeroteca\/wp-json\/wp\/v2\/posts\/19583\/revisions"}],"wp:featuredmedia":[{"embeddable":true,"href":"https:\/\/fg.ull.es\/hemeroteca\/wp-json\/wp\/v2\/media\/19584"}],"wp:attachment":[{"href":"https:\/\/fg.ull.es\/hemeroteca\/wp-json\/wp\/v2\/media?parent=19583"}],"wp:term":[{"taxonomy":"category","embeddable":true,"href":"https:\/\/fg.ull.es\/hemeroteca\/wp-json\/wp\/v2\/categories?post=19583"},{"taxonomy":"post_tag","embeddable":true,"href":"https:\/\/fg.ull.es\/hemeroteca\/wp-json\/wp\/v2\/tags?post=19583"}],"curies":[{"name":"wp","href":"https:\/\/api.w.org\/{rel}","templated":true}]}}