{"id":19263,"date":"2015-07-13T08:42:27","date_gmt":"2015-07-13T07:42:27","guid":{"rendered":"http:\/\/www.fg.ull.es\/?p=19263"},"modified":"2015-07-13T08:42:27","modified_gmt":"2015-07-13T07:42:27","slug":"oferta-formativa-con-comienzo-en-la-semana-del-20-de-julio","status":"publish","type":"post","link":"https:\/\/fg.ull.es\/hemeroteca\/2015\/07\/13\/oferta-formativa-con-comienzo-en-la-semana-del-20-de-julio\/","title":{"rendered":"Oferta formativa con comienzo en la semana del 20 de julio"},"content":{"rendered":"<h1>Oferta formativa con comienzo en la semana del 20 de julio<\/h1>\n<p>&nbsp;<\/p>\n<h4>Presentamos los cursos con comienzo en la semana del 20 de julio. La inscripci\u00f3n est\u00e1 ya disponible en nuestra sede electr\u00f3nica.<\/h4>\n<p>&nbsp;<br \/>\n<span style=\"color: #333333\">Para acceder a m\u00e1s informaci\u00f3n y matr\u00edcula, pueden hacer clic sobre el t\u00edtulo de cada curso en<\/span> <span style=\"color: #005689\"><a style=\"color: #005689\" href=\"http:\/\/www.fg.ull.es\/wp-content\/uploads\/2015\/07\/cartel_semana_20_julio.pdf\">este cartel<\/a><span style=\"color: #333333\">.<\/span><\/span><br \/>\n&nbsp;<\/p>\n","protected":false},"excerpt":{"rendered":"<p>Presentamos los cursos con comienzo en la semana del 13 de julio. La inscripci\u00f3n est\u00e1 ya disponible en nuestra sede electr\u00f3nica.<\/p>\n","protected":false},"author":4,"featured_media":19264,"comment_status":"closed","ping_status":"closed","sticky":false,"template":"","format":"standard","meta":{"footnotes":""},"categories":[11,13],"tags":[425,672,1353],"featured_image_thumbnail_url":"https:\/\/fg.ull.es\/hemeroteca\/wp-content\/uploads\/sites\/14\/2015\/07\/Banners_facebook_20_julio-300x157.jpg","_links":{"self":[{"href":"https:\/\/fg.ull.es\/hemeroteca\/wp-json\/wp\/v2\/posts\/19263"}],"collection":[{"href":"https:\/\/fg.ull.es\/hemeroteca\/wp-json\/wp\/v2\/posts"}],"about":[{"href":"https:\/\/fg.ull.es\/hemeroteca\/wp-json\/wp\/v2\/types\/post"}],"author":[{"embeddable":true,"href":"https:\/\/fg.ull.es\/hemeroteca\/wp-json\/wp\/v2\/users\/4"}],"replies":[{"embeddable":true,"href":"https:\/\/fg.ull.es\/hemeroteca\/wp-json\/wp\/v2\/comments?post=19263"}],"version-history":[{"count":0,"href":"https:\/\/fg.ull.es\/hemeroteca\/wp-json\/wp\/v2\/posts\/19263\/revisions"}],"wp:featuredmedia":[{"embeddable":true,"href":"https:\/\/fg.ull.es\/hemeroteca\/wp-json\/wp\/v2\/media\/19264"}],"wp:attachment":[{"href":"https:\/\/fg.ull.es\/hemeroteca\/wp-json\/wp\/v2\/media?parent=19263"}],"wp:term":[{"taxonomy":"category","embeddable":true,"href":"https:\/\/fg.ull.es\/hemeroteca\/wp-json\/wp\/v2\/categories?post=19263"},{"taxonomy":"post_tag","embeddable":true,"href":"https:\/\/fg.ull.es\/hemeroteca\/wp-json\/wp\/v2\/tags?post=19263"}],"curies":[{"name":"wp","href":"https:\/\/api.w.org\/{rel}","templated":true}]}}