{"id":19232,"date":"2015-07-09T13:34:44","date_gmt":"2015-07-09T12:34:44","guid":{"rendered":"http:\/\/www.fg.ull.es\/?p=19232"},"modified":"2015-07-09T13:34:44","modified_gmt":"2015-07-09T12:34:44","slug":"abierta-la-preinscripcion-para-los-titulos-propios-de-grado-y-posgrado-de-la-universidad-de-la-laguna","status":"publish","type":"post","link":"https:\/\/fg.ull.es\/hemeroteca\/2015\/07\/09\/abierta-la-preinscripcion-para-los-titulos-propios-de-grado-y-posgrado-de-la-universidad-de-la-laguna\/","title":{"rendered":"Abierta la preinscripci\u00f3n para los t\u00edtulos propios de grado y posgrado de la Universidad de La Laguna"},"content":{"rendered":"<h1><strong>Abierta la preinscripci\u00f3n para los t\u00edtulos propios de grado y posgrado de la Universidad de La Laguna <\/strong><\/h1>\n<p>&nbsp;<\/p>\n<h4>La oferta formativa para el pr\u00f3ximo curso acad\u00e9mico 2015\/2016 est\u00e1 compuesta por once t\u00edtulos propios, dos de grado y nueve de posgrado. La preinscripci\u00f3n ya est\u00e1 abierta y se puede realizar a trav\u00e9s de la sede electr\u00f3nica de la Fundaci\u00f3n General de la ULL.<\/h4>\n<p>&nbsp;<br \/>\nLa Universidad de La Laguna, con la gesti\u00f3n del \u00c1rea de Formaci\u00f3n de su Fundaci\u00f3n General, ofertar\u00e1 un total de once t\u00edtulos propios para el pr\u00f3ximo curso acad\u00e9mico 2015\/2016. En total, la oferta formativa est\u00e1 compuesta por dos t\u00edtulos de grado y nueve de posgrado. Concretamente, se trata de tres m\u00e1steres universitarios, un especialista, cuatro diplomas, un certificado y tres expertos universitarios.<br \/>\nEn todos los casos se trata de formaciones impartidas por profesionales de reconocido prestigio y profesorado de la ULL, que aportar\u00e1n al alumnado las herramientas necesarias para que consigan la mejora de sus competencias.<br \/>\nEl objetivo de esta oferta acad\u00e9mica es ofrecer la posibilidad de especializarse en determinadas \u00e1reas de conocimiento, que enriquezcan la trayectoria acad\u00e9mica y favorezcan el desarrollo profesional.<br \/>\nListado de los t\u00edtulos propios:<\/p>\n<ul>\n<li><a href=\"https:\/\/sede.fg.ull.es\/es\/posgrado\/detalle\/a15010022\/ii-master-universitario-en-medicina-critica-2015\">II M\u00e1ster Universitario en Medicina Cr\u00edtica 2015<\/a><\/li>\n<li><a href=\"https:\/\/sede.fg.ull.es\/es\/posgrado\/detalle\/a15010024\/ii-experto-universitario-en-uso-de-las-tic-para-la-atencion-educativa-hospitalaria-y-domiciliaria-2015\">II Experto Universitario en Uso de las TIC para la atenci\u00f3n educativa hospitalaria y domiciliaria 2015<\/a><\/li>\n<li><a href=\"https:\/\/sede.fg.ull.es\/es\/posgrado\/detalle\/a15010030\/ii-diploma-universitario-en-tecnologias-para-la-creacion-nivel-inicial-dutc-2015-2016\">II Diploma Universitario en Tecnolog\u00edas para la Creaci\u00f3n. Nivel inicial. (DUTC) 2015-2016<\/a><\/li>\n<li><a href=\"https:\/\/sede.fg.ull.es\/es\/posgrado\/detalle\/a15010037\/27-master-universitario-en-interpretacion-de-conferencias-2015-2016\">27 M\u00e1ster Universitario en Interpretaci\u00f3n de Conferencias 2015-2016<\/a><\/li>\n<li><a href=\"https:\/\/sede.fg.ull.es\/es\/posgrado\/detalle\/a15010032\/xxv-master-universitario-en-gestion-de-empresas-mba-2015-2016\">XXV M\u00e1ster Universitario en Gesti\u00f3n de Empresas (Mba) 2015-2016<\/a><\/li>\n<li><a href=\"https:\/\/sede.fg.ull.es\/es\/posgrado\/detalle\/a15010031\/xx-master-universitario-en-asesoria-fiscal-y-contable-mfc-2015-2016\">XX M\u00e1ster Universitario en Asesor\u00eda Fiscal y Contable (Mfc) 2015-2016<\/a><\/li>\n<li><a href=\"https:\/\/sede.fg.ull.es\/es\/posgrado\/detalle\/a15010035\/i-experto-universitario-en-negocio-digital-y-comercio-electronico-digital-business-y-e-commerce-2015-2016\">I Experto universitario en Negocio Digital y Comercio Electr\u00f3nico (digital business y e-commerce) 2015-2016<\/a><\/li>\n<li><a href=\"II%20Diploma%20de%20Especializaci\u00f3n%20en%20Seguridad%20Social%202015-2016\">II Diploma de Especializaci\u00f3n en Seguridad Social 2015-2016<\/a><\/li>\n<li><a href=\"https:\/\/sede.fg.ull.es\/es\/posgrado\/detalle\/a15010034\/i-diploma-de-especializacion-en-mindfulness-en-contextos-sanitarios-2015-2016\">I Diploma de Especializaci\u00f3n en mindfulness en contextos sanitarios 2015-2016<\/a><\/li>\n<li><a href=\"https:\/\/sede.fg.ull.es\/es\/posgrado\/detalle\/a15010033\/iii-diploma-universitario-en-desarrollo-emprendedor-nivel-inicial-2015-2016\">III Diploma Universitario en Desarrollo Emprendedor. Nivel Inicial 2015-2016<\/a><\/li>\n<li><a href=\"https:\/\/sede.fg.ull.es\/es\/posgrado\/detalle\/a16010002\/i-certificado-de-formacion-especifica-en-representacion-grafica-de-las-fincas-registrales-2016\">I Certificado de formaci\u00f3n espec\u00edfica en representaci\u00f3n gr\u00e1fica de las fincas registrales 2016<\/a><\/li>\n<\/ul>\n<p>La preinscripci\u00f3n ya est\u00e1 abierta y se puede realizar a trav\u00e9s de la sede electr\u00f3nica de la Fundaci\u00f3n General de la ULL o haciendo clic encima del nombre de cada uno de los nombres de los t\u00edtulos.<\/p>\n","protected":false},"excerpt":{"rendered":"<p>La oferta formativa para el pr\u00f3ximo curso acad\u00e9mico 2015\/2016 est\u00e1 compuesta por once t\u00edtulos propios, dos de grado y nueve de posgrado. La preinscripci\u00f3n ya est\u00e1 abierta y se puede realizar a trav\u00e9s de la sede electr\u00f3nica de la Fundaci\u00f3n General de la ULL.<\/p>\n","protected":false},"author":1,"featured_media":19233,"comment_status":"closed","ping_status":"closed","sticky":false,"template":"","format":"standard","meta":{"footnotes":""},"categories":[12,13],"tags":[672,1123,1353,1424],"featured_image_thumbnail_url":"https:\/\/fg.ull.es\/hemeroteca\/wp-content\/uploads\/sites\/14\/2015\/07\/banner_catalogo-formativo__980x237px-300x73.jpg","_links":{"self":[{"href":"https:\/\/fg.ull.es\/hemeroteca\/wp-json\/wp\/v2\/posts\/19232"}],"collection":[{"href":"https:\/\/fg.ull.es\/hemeroteca\/wp-json\/wp\/v2\/posts"}],"about":[{"href":"https:\/\/fg.ull.es\/hemeroteca\/wp-json\/wp\/v2\/types\/post"}],"author":[{"embeddable":true,"href":"https:\/\/fg.ull.es\/hemeroteca\/wp-json\/wp\/v2\/users\/1"}],"replies":[{"embeddable":true,"href":"https:\/\/fg.ull.es\/hemeroteca\/wp-json\/wp\/v2\/comments?post=19232"}],"version-history":[{"count":0,"href":"https:\/\/fg.ull.es\/hemeroteca\/wp-json\/wp\/v2\/posts\/19232\/revisions"}],"wp:featuredmedia":[{"embeddable":true,"href":"https:\/\/fg.ull.es\/hemeroteca\/wp-json\/wp\/v2\/media\/19233"}],"wp:attachment":[{"href":"https:\/\/fg.ull.es\/hemeroteca\/wp-json\/wp\/v2\/media?parent=19232"}],"wp:term":[{"taxonomy":"category","embeddable":true,"href":"https:\/\/fg.ull.es\/hemeroteca\/wp-json\/wp\/v2\/categories?post=19232"},{"taxonomy":"post_tag","embeddable":true,"href":"https:\/\/fg.ull.es\/hemeroteca\/wp-json\/wp\/v2\/tags?post=19232"}],"curies":[{"name":"wp","href":"https:\/\/api.w.org\/{rel}","templated":true}]}}