{"id":19219,"date":"2015-07-09T10:18:45","date_gmt":"2015-07-09T09:18:45","guid":{"rendered":"http:\/\/www.fg.ull.es\/?p=19219"},"modified":"2015-07-09T10:18:45","modified_gmt":"2015-07-09T09:18:45","slug":"marco-marchioni-asesor-del-proyecto-ici-visita-taco-y-se-reune-con-los-centros-educativos-y-de-salud","status":"publish","type":"post","link":"https:\/\/fg.ull.es\/hemeroteca\/2015\/07\/09\/marco-marchioni-asesor-del-proyecto-ici-visita-taco-y-se-reune-con-los-centros-educativos-y-de-salud\/","title":{"rendered":"Marco Marchioni, asesor del Proyecto ICI, visita Taco y se re\u00fane con los centros educativos y de salud"},"content":{"rendered":"<h1><strong>Marco Marchioni, asesor del Proyecto ICI, visita Taco y se re\u00fane con los centros educativos y de salud<\/strong><\/h1>\n<p>&nbsp;<\/p>\n<h4><strong>El asesor cient\u00edfico del Proyecto ICI, Marco Marchioni, visita el territorio de Taco y se re\u00fane con representantes de Centros Educativos, Centros de Salud y asociaciones ciudadanas de la zona, para poner en com\u00fan propuestas sobre educaci\u00f3n y salud comunitaria. <\/strong><\/h4>\n<p>&nbsp;<br \/>\nEl Proyecto de Intervenci\u00f3n Comunitaria Intercultural (ICI) en Taco, gestionado por la Fundaci\u00f3n General de la Universidad de La Laguna, que cuenta con la participaci\u00f3n del Ayuntamiento de San Crist\u00f3bal de La Laguna y el Ayuntamiento de Santa Cruz de Tenerife y est\u00e1 impulsado por la Obra Social \u201cla Caixa\u201d, ha celebrado una reuni\u00f3n con Marco Marchioni, asesor cient\u00edfico del ICI, junto con personas responsables de Centros Educativos, Centros de Salud y asociaciones ciudadanas del territorio, para avanzar en la conformaci\u00f3n de espacios t\u00e9cnicos de relaci\u00f3n que puedan incluir a los profesionales que desarrollan su actividad en Taco. El principal objetivo del Proyecto ICI es fomentar el encuentro y la participaci\u00f3n entre los tres protagonistas del territorio, a saber, la Administraci\u00f3n, los recursos t\u00e9cnicos profesionales y la ciudadan\u00eda, en una acci\u00f3n que promueve contenidos relacionados con la mejora de la convivencia.<br \/>\nDedicado al asesoramiento y seguimiento de planes y procesos comunitarios en muchas zonas del pa\u00eds, Marco Marchioni, trabajador social comunitario, destaca tras su paso por la Isla que \u201cel Proyecto ICI en Taco se est\u00e1 desarrollando muy bien, aunque se debe tener en cuenta la peculiaridad del territorio de Taco, que comprende dos municipios como son La Laguna y Santa Cruz de Tenerife\u201d, se\u00f1al\u00f3 Marchioni. Adem\u00e1s realiz\u00f3 algunas reflexiones sobre las nuevas perspectivas de trabajo en la zona, se\u00f1alando que \u201cahora habr\u00e1 que ver que ocurre con los nuevos gobernantes que acaban de llegar, con los que habr\u00e1 que establecer nuevas relaciones, aunque creo que no habr\u00e1 ning\u00fan problema por la din\u00e1mica que ha seguido el proceso de trabajo\u201d.<br \/>\nUno de los objetivos a tener en cuenta del Proyecto de Intervenci\u00f3n Comunitaria Intercultural consiste en <strong>fortalecer la relaci\u00f3n con los centros de ense\u00f1anza<\/strong> a trav\u00e9s del trabajo colaborativo con los\/as profesionales del sector educativo y el resto de colectivos. \u201cExisten muchos proyectos que se desarrollan de manera aut\u00f3noma y eso as\u00ed no sirve; lo importante es que exista uni\u00f3n entre todos. Es importante destacar que si los proyectos los hacen s\u00f3lo las autoridades, ser\u00e1n autoritarios; si los hacen en exclusiva los recursos t\u00e9cnicos, ser\u00e1n tecn\u00f3cratas; y si los formulan s\u00f3lo los ciudadanos, ser\u00e1n demag\u00f3gicos, por eso se tiene que dar una conjunci\u00f3n entre todos\u201d, afirm\u00f3 Marco Marchioni. \u201cEn esta reuni\u00f3n hemos estado educaci\u00f3n, sanidad y asociaciones ciudadanas, pero ser\u00eda interesante saber qu\u00e9 m\u00e1s proyectos se est\u00e1n desarrollando en la zona y qui\u00e9n los est\u00e1 haciendo\u201d, destac\u00f3 Rafael S\u00e1nchez Silva, director del Colegio P\u00fablico Los Andenes.<br \/>\nPor otra parte, el Proyecto ICI en Taco pretende contribuir con un <strong>nuevo enfoque de la pol\u00edtica social<\/strong> que se desarrolla en Taco, no s\u00f3lo en la parte socioeducativa sino tambi\u00e9n en relaci\u00f3n con la salud comunitaria. Sonia Soria Delgado, enfermera de Pediatr\u00eda del Centro de Salud de Taco, ha comentado que \u201cel Proyecto ICI me parece muy interesante. Adem\u00e1s, lo novedoso de esta reuni\u00f3n ha sido sentarnos juntos los tres pilares, que son la educaci\u00f3n, la sanidad y las organizaciones ciudadanas. Cada uno de ellos aporta diferentes conocimientos, pero lo importante es que todos buscamos lo mismo, el bienestar de la poblaci\u00f3n. Por otra parte, lo que m\u00e1s me ha impactado es que se pretenden objetivos sencillos pero de gran impacto, y sobre todo, que sean factibles, eso es lo realmente interesante. Adem\u00e1s, al estar focalizado en un territorio concreto el impacto ser\u00e1 mayor y se podr\u00e1n medir mejor los resultados obtenidos\u201d.<br \/>\nLorena Oval, facilitadora del Grupo de Participaci\u00f3n Ciudadana Taco para Todxs, subray\u00f3 la importancia de haber reunido a los centros educativos, centros de salud y la ciudadan\u00eda, ya que nadie tiene que decirle a nadie como hay que hacer las cosas, ni tampoco en que forma tienen que colaborar. \u201cEs importante que todos los que conformamos y vivimos en el territorio de Taco conozcamos el trabajo que hace cada colectivo, para ver las necesidades reales de la zona y ver en que puede ayudar cada uno\u201d, a\u00f1ade.<br \/>\nDurante la reuni\u00f3n se destac\u00f3 la importancia de la participaci\u00f3n no s\u00f3lo ciudadana sino de los tres protagonistas del territorio, las administraciones, los recursos t\u00e9cnicos y profesionales y la ciudadan\u00eda. \u201cLa participaci\u00f3n se construye con un conocimiento compartido y un diagn\u00f3stico com\u00fan. Es importante que la participaci\u00f3n se convierta en un elemento clave de la vida p\u00fablica, participaci\u00f3n en el cambio, en la mejora\u201d, concluye el asesor del Proyecto ICI, Marco Marchioni.<br \/>\nMarco Marchioni, trabajador e investigador social comunitario, fue el responsable del primer proyecto de desarrollo comunitario en zonas rurales: Proyecto V\u00e9lez-M\u00e1laga (1965-1967), adem\u00e1s de ser el autor del primer libro sobre desarrollo comunitario en Espa\u00f1a, \u201c<em>Comunidad y Desarrollo<\/em>\u201d (1969). Asimismo, combina su actividad docente en diferentes universidades, como Roma, G\u00e9nova, Barcelona, M\u00e1laga o Santiago de Compostela con proyectos de cooperaci\u00f3n internacional y con publicaciones y estudios en los \u00e1mbitos de la informaci\u00f3n y la participaci\u00f3n.<br \/>\nEl <strong>Proyecto de Intervenci\u00f3n Comunitaria Intercultural (ICI) en Taco <\/strong>apuesta por la convivencia y la cohesi\u00f3n social a partir de la consolidaci\u00f3n del proceso comunitario, protagonizado conjuntamente por la Administraci\u00f3n, los recursos t\u00e9cnico profesionales, las organizaciones sociales y la ciudadan\u00eda en general. Este proyecto, desarrollado con \u00e9xito y eficacia en 16 territorios de toda la geograf\u00eda espa\u00f1ola durante los \u00faltimos cuatro a\u00f1os, se ha extendido a otras 24 localidades, entre ellas, Taco. Una apuesta innovadora, de intervenci\u00f3n comunitaria y gesti\u00f3n de la diversidad social y cultural, validada por sus buenos resultados y sus impactos en la mejora de la convivencia. Esta iniciativa se centra en el protagonismo de la comunidad de un territorio para dar respuesta a los retos diversos que debe afrontar en cada momento.<br \/>\nComprendido entre los municipios de San Crist\u00f3bal de La Laguna y Santa Cruz de Tenerife, el territorio de Taco, que congrega a diecis\u00e9is barrios con identidad propia, <strong>se caracteriza por su diversidad desde el punto de vista social y cultural<\/strong>. El Proyecto ICI-Taco est\u00e1 gestionado por la Fundaci\u00f3n General de la Universidad de La Laguna y se desarrolla a partir de un convenio de colaboraci\u00f3n con el Ayuntamiento de Santa Cruz de Tenerife y el Ayuntamiento de San Crist\u00f3bal de La Laguna y est\u00e1 impulsado por la Obra Social \u201cla Caixa\u201d.<br \/>\nTanto a escala estatal, como local, el Proyecto ICI se est\u00e1 conformando como un eje fundamental de la acci\u00f3n social en el nuevo contexto intercultural, ya que articula el ejercicio de una\u00a0responsabilidad compartida, pone en valor el enorme bagaje de experiencias que se han desarrollado en nuestro territorio por los diferentes agentes sociales, y adem\u00e1s, constituye una garant\u00eda de sostenibilidad.<\/p>\n","protected":false},"excerpt":{"rendered":"<p>El asesor cient\u00edfico del Proyecto ICI, Marco Marchioni, visita el territorio de Taco y se re\u00fane con representantes de Centros Educativos, Centros de Salud y asociaciones ciudadanas de la zona, para poner en com\u00fan propuestas sobre educaci\u00f3n y salud comunitaria. <\/p>\n","protected":false},"author":1,"featured_media":19220,"comment_status":"closed","ping_status":"closed","sticky":false,"template":"","format":"standard","meta":{"footnotes":""},"categories":[3,11],"tags":[1353,1424],"featured_image_thumbnail_url":"https:\/\/fg.ull.es\/hemeroteca\/wp-content\/uploads\/sites\/14\/2015\/07\/DSC08054-300x200.jpg","_links":{"self":[{"href":"https:\/\/fg.ull.es\/hemeroteca\/wp-json\/wp\/v2\/posts\/19219"}],"collection":[{"href":"https:\/\/fg.ull.es\/hemeroteca\/wp-json\/wp\/v2\/posts"}],"about":[{"href":"https:\/\/fg.ull.es\/hemeroteca\/wp-json\/wp\/v2\/types\/post"}],"author":[{"embeddable":true,"href":"https:\/\/fg.ull.es\/hemeroteca\/wp-json\/wp\/v2\/users\/1"}],"replies":[{"embeddable":true,"href":"https:\/\/fg.ull.es\/hemeroteca\/wp-json\/wp\/v2\/comments?post=19219"}],"version-history":[{"count":0,"href":"https:\/\/fg.ull.es\/hemeroteca\/wp-json\/wp\/v2\/posts\/19219\/revisions"}],"wp:featuredmedia":[{"embeddable":true,"href":"https:\/\/fg.ull.es\/hemeroteca\/wp-json\/wp\/v2\/media\/19220"}],"wp:attachment":[{"href":"https:\/\/fg.ull.es\/hemeroteca\/wp-json\/wp\/v2\/media?parent=19219"}],"wp:term":[{"taxonomy":"category","embeddable":true,"href":"https:\/\/fg.ull.es\/hemeroteca\/wp-json\/wp\/v2\/categories?post=19219"},{"taxonomy":"post_tag","embeddable":true,"href":"https:\/\/fg.ull.es\/hemeroteca\/wp-json\/wp\/v2\/tags?post=19219"}],"curies":[{"name":"wp","href":"https:\/\/api.w.org\/{rel}","templated":true}]}}