{"id":18984,"date":"2015-05-29T10:46:14","date_gmt":"2015-05-29T09:46:14","guid":{"rendered":"http:\/\/www.fg.ull.es\/?p=18984"},"modified":"2015-05-29T10:46:14","modified_gmt":"2015-05-29T09:46:14","slug":"la-universidad-de-la-laguna-convoca-los-premios-enogastronomia-tenerife-2015","status":"publish","type":"post","link":"https:\/\/fg.ull.es\/hemeroteca\/2015\/05\/29\/la-universidad-de-la-laguna-convoca-los-premios-enogastronomia-tenerife-2015\/","title":{"rendered":"La Universidad de La Laguna convoca los Premios Enogastronom\u00eda Tenerife 2015"},"content":{"rendered":"<h1>La Universidad de La Laguna convoca los Premios Enogastronom\u00eda Tenerife 2015<\/h1>\n<p>&nbsp;<\/p>\n<h4>El d\u00eda 3 de julio finaliza el plazo de presentaci\u00f3n de candidatos.<\/h4>\n<p>&nbsp;<br \/>\nEl Aula Cultural de Enoturismo y Turismo Gastron\u00f3mico de la Universidad de La Laguna, ha convocado la segunda edici\u00f3n de los Premios de Enogastronom\u00eda de Tenerife. Estos galardones reconocen la iniciativa, originalidad y buenas pr\u00e1cticas en enoturismo y turismo gastron\u00f3mico de la Isla de Tenerife, tanto de las empresas como de las instituciones. El pr\u00f3ximo d\u00eda 3 de julio finaliza el plazo para enviar las propuestas de candidatos.<br \/>\nEl Jurado de los Premios Enogastronom\u00eda Tenerife, en las categor\u00edas de Premio Iniciativa Empresarial, y Premio Promoci\u00f3n de la Enogastronom\u00eda, de la presente edici\u00f3n, est\u00e1 formado por representantes del de la instituci\u00f3n acad\u00e9mica y de los sectores, tur\u00edstico, enol\u00f3gico y gastron\u00f3mico de la Isla.<br \/>\n<a href=\"http:\/\/www.fg.ull.es\/public\/docs\/1907_v3_ii_edicion_de_los_premios_enogastronomia_tenerife_2015_bases.pdf\">(Consulta las bases aqu\u00ed)<\/a><br \/>\n*Nota de prensa y fotograf\u00eda cedidas<\/p>\n","protected":false},"excerpt":{"rendered":"<p>El d\u00eda 3 de julio finaliza el plazo de presentaci\u00f3n de candidatos.<\/p>\n","protected":false},"author":1,"featured_media":18987,"comment_status":"closed","ping_status":"closed","sticky":false,"template":"","format":"standard","meta":{"footnotes":""},"categories":[5],"tags":[173,672,1353,1392,1424],"featured_image_thumbnail_url":"https:\/\/fg.ull.es\/hemeroteca\/wp-content\/uploads\/sites\/14\/2015\/07\/los_galardonados_de_la_primera_edicionjpg-300x225.jpg","_links":{"self":[{"href":"https:\/\/fg.ull.es\/hemeroteca\/wp-json\/wp\/v2\/posts\/18984"}],"collection":[{"href":"https:\/\/fg.ull.es\/hemeroteca\/wp-json\/wp\/v2\/posts"}],"about":[{"href":"https:\/\/fg.ull.es\/hemeroteca\/wp-json\/wp\/v2\/types\/post"}],"author":[{"embeddable":true,"href":"https:\/\/fg.ull.es\/hemeroteca\/wp-json\/wp\/v2\/users\/1"}],"replies":[{"embeddable":true,"href":"https:\/\/fg.ull.es\/hemeroteca\/wp-json\/wp\/v2\/comments?post=18984"}],"version-history":[{"count":0,"href":"https:\/\/fg.ull.es\/hemeroteca\/wp-json\/wp\/v2\/posts\/18984\/revisions"}],"wp:featuredmedia":[{"embeddable":true,"href":"https:\/\/fg.ull.es\/hemeroteca\/wp-json\/wp\/v2\/media\/18987"}],"wp:attachment":[{"href":"https:\/\/fg.ull.es\/hemeroteca\/wp-json\/wp\/v2\/media?parent=18984"}],"wp:term":[{"taxonomy":"category","embeddable":true,"href":"https:\/\/fg.ull.es\/hemeroteca\/wp-json\/wp\/v2\/categories?post=18984"},{"taxonomy":"post_tag","embeddable":true,"href":"https:\/\/fg.ull.es\/hemeroteca\/wp-json\/wp\/v2\/tags?post=18984"}],"curies":[{"name":"wp","href":"https:\/\/api.w.org\/{rel}","templated":true}]}}