{"id":18981,"date":"2015-05-29T10:44:20","date_gmt":"2015-05-29T09:44:20","guid":{"rendered":"http:\/\/www.fg.ull.es\/?p=18981"},"modified":"2015-05-29T10:44:20","modified_gmt":"2015-05-29T09:44:20","slug":"listado-definitivo-de-personas-aceptadas-y-excluidas-en-launchtf","status":"publish","type":"post","link":"https:\/\/fg.ull.es\/hemeroteca\/2015\/05\/29\/listado-definitivo-de-personas-aceptadas-y-excluidas-en-launchtf\/","title":{"rendered":"Listado definitivo de personas aceptadas y excluidas en &#039;launchTF&#039;"},"content":{"rendered":"<h1>Listado definitivo de personas aceptadas y excluidas en &#8216;launchTF&#8217;<\/h1>\n<p>&nbsp;<\/p>\n<h4>A continuaci\u00f3n se presenta el listado definitivo de personas aceptadas y excluidas de la selecci\u00f3n de proyectos para participar en el programa de pre-aceleraci\u00f3n de startups, &#8216;launchTF&#8217;.<\/h4>\n<p>&nbsp;<br \/>\nFinalizado el periodo de alegaciones, se procede a publicar el listado definitivo de aceptados\/as y excluidos\/as con su motivo, para la selecci\u00f3n de proyectos para participar en la primera edici\u00f3n del programa de pre-aceleraci\u00f3n de startups launchTF, una iniciativa de la Fundaci\u00f3n General de la Universidad de La Laguna.<br \/>\nPuede ver el listado definitivo <a title=\"Listado Def\" href=\"http:\/\/www.fg.ull.es\/public\/docs\/1908_ts_29_05_2015_listado_definitivo_launchtf.pdf\" target=\"_blank\" rel=\"noopener noreferrer\">aqu\u00ed<\/a>.<\/p>\n","protected":false},"excerpt":{"rendered":"<p>A continuaci\u00f3n se presenta el listado definitivo de personas aceptadas y excluidas de la selecci\u00f3n de proyectos para participar en el programa de pre-aceleraci\u00f3n de startups, &#8216;launchTF&#8217;.<\/p>\n","protected":false},"author":1,"featured_media":18982,"comment_status":"closed","ping_status":"closed","sticky":false,"template":"","format":"standard","meta":{"footnotes":""},"categories":[8],"tags":[173,672,821,1353,1424],"featured_image_thumbnail_url":"https:\/\/fg.ull.es\/hemeroteca\/wp-content\/uploads\/sites\/14\/2015\/07\/launchtfjpg-300x94.jpg","_links":{"self":[{"href":"https:\/\/fg.ull.es\/hemeroteca\/wp-json\/wp\/v2\/posts\/18981"}],"collection":[{"href":"https:\/\/fg.ull.es\/hemeroteca\/wp-json\/wp\/v2\/posts"}],"about":[{"href":"https:\/\/fg.ull.es\/hemeroteca\/wp-json\/wp\/v2\/types\/post"}],"author":[{"embeddable":true,"href":"https:\/\/fg.ull.es\/hemeroteca\/wp-json\/wp\/v2\/users\/1"}],"replies":[{"embeddable":true,"href":"https:\/\/fg.ull.es\/hemeroteca\/wp-json\/wp\/v2\/comments?post=18981"}],"version-history":[{"count":0,"href":"https:\/\/fg.ull.es\/hemeroteca\/wp-json\/wp\/v2\/posts\/18981\/revisions"}],"wp:featuredmedia":[{"embeddable":true,"href":"https:\/\/fg.ull.es\/hemeroteca\/wp-json\/wp\/v2\/media\/18982"}],"wp:attachment":[{"href":"https:\/\/fg.ull.es\/hemeroteca\/wp-json\/wp\/v2\/media?parent=18981"}],"wp:term":[{"taxonomy":"category","embeddable":true,"href":"https:\/\/fg.ull.es\/hemeroteca\/wp-json\/wp\/v2\/categories?post=18981"},{"taxonomy":"post_tag","embeddable":true,"href":"https:\/\/fg.ull.es\/hemeroteca\/wp-json\/wp\/v2\/tags?post=18981"}],"curies":[{"name":"wp","href":"https:\/\/api.w.org\/{rel}","templated":true}]}}