{"id":18979,"date":"2015-05-29T10:43:05","date_gmt":"2015-05-29T09:43:05","guid":{"rendered":"http:\/\/www.fg.ull.es\/?p=18979"},"modified":"2015-05-29T10:43:05","modified_gmt":"2015-05-29T09:43:05","slug":"siete-proyectos-emprendedores-se-presentaran-ante-inversores-y-expertos-en-el-demo-day-de-la-vi-edicion-de-tf-invierte","status":"publish","type":"post","link":"https:\/\/fg.ull.es\/hemeroteca\/2015\/05\/29\/siete-proyectos-emprendedores-se-presentaran-ante-inversores-y-expertos-en-el-demo-day-de-la-vi-edicion-de-tf-invierte\/","title":{"rendered":"Siete proyectos emprendedores se presentar\u00e1n ante inversores y expertos en el &#039;Demo Day&#039; de la VI edici\u00f3n de TF INvierte"},"content":{"rendered":"<h1>Siete proyectos emprendedores se presentar\u00e1n ante inversores y expertos en el &#8216;Demo Day&#8217; de la VI edici\u00f3n de TF INvierte<\/h1>\n<p>&nbsp;<\/p>\n<h4>Esta jornada se celebrar\u00e1 el pr\u00f3ximo jueves, 4 de junio, en el Sal\u00f3n de Actos de Cajasiete de 16 a 20 horas. Las siete startups ser\u00e1n evaluadas por inversores y expertos de reconocida trayectoria, que actuar\u00e1n como jurado encargado de otorgar los &#8216;Premios PCTT a la Mejores Startups\u201d.<\/h4>\n<p>&nbsp;<br \/>\nEl pr\u00f3ximo jueves 4 de junio se celebra el \u2018Demo Day\u2019 de la VI edici\u00f3n del programa TF Invierte en el Sal\u00f3n de Actos de Cajasiete de 16 a 20 horas. Los promotores de siete iniciativas emprendedoras presentar\u00e1n sus proyectos a un panel de inversores y expertos de reconocida trayectoria, tras haber superado un programa de preparaci\u00f3n para la inversi\u00f3n dise\u00f1ado por el Cabildo de Tenerife a trav\u00e9s de su Parque Cient\u00edfico y Tecnol\u00f3gico.<br \/>\nTF INvierte tiene como principal objetivo identificar negocios innovadores y ayudarles a desarrollarse y conseguir financiaci\u00f3n a trav\u00e9s de capital de riesgo. Este foro de inversi\u00f3n est\u00e1 dirigido a potenciales inversores que deseen conocer los proyectos como opciones donde hacer efectivas y rentabilizar sus inversiones. Los perfiles de los inversores asistentes abarcan desde profesionales con experiencia, hasta empresarios con ganas de apoyar las startups canarias. No se requieren grandes cuant\u00edas por inversi\u00f3n, promovi\u00e9ndose la f\u00f3rmula de co-inversi\u00f3n.<br \/>\nLas siete startups que se presentar\u00e1n en el \u2018Demo Day\u2019 ser\u00e1n evaluadas por un grupo de \u00a0inversores expertos, que actuar\u00e1 como jurado encargado de otorgar los \u201cPremios PCTT a las Mejores Startups\u2019. \u00a0Estos premios son:<\/p>\n<ul>\n<li>1\u00ba Premio: estancia de 1 mes de duraci\u00f3n en Silicon Valley con el programa Imagine y la estancia gratuita de 6 meses en alguno de los viveros de empresas del PCTT.<\/li>\n<li>2\u00ba Premio:\u00a0estancia de 1 semana en la aceleradora BIBA,\u00a0es un concepto \u00fanico de \u201caceleraci\u00f3n\u201d, pr\u00e1ctica e intensiva del negocio internacional para empresas de cualquier sector que quieran introducir su producto\/servicio en el mercado americano.<\/li>\n<li>3\u00ba Premio: participaci\u00f3n en un programa intensivo de formaci\u00f3n en t\u00e9cnicas de liderazgo, innovaci\u00f3n y creatividad (LIC) impartido por un experto de la ESA (Agencia Espacial Europea) y con una estancia de 1 semana en las viviendas bioclim\u00e1ticas del <a href=\"http:\/\/www.iter.es\/\" target=\"_blank\" rel=\"noopener noreferrer\">ITER<\/a>.<\/li>\n<\/ul>\n<p>TFINvierte es un proyecto del Cabildo de Tenerife, a trav\u00e9s del Parque Cient\u00edfico y Tecnol\u00f3gico de Tenerife (PCTT) con la colaboraci\u00f3n de otras entidades y organismos de intermediaci\u00f3n regionales, entre las que se encuentra la Fundaci\u00f3n General Universidad de La Laguna o Sodecan. La VI edici\u00f3n de TF Invierte es un programa en el que se seleccionan y preparan a las mejores startups, es decir, proyectos empresariales escalables de base tecnol\u00f3gica o intensivos en conocimiento, y a las que se les acompa\u00f1a en el proceso de b\u00fasqueda de inversores. Se ha convertido en referencia a nivel regional para aquellos emprendedores que deseen madurar sus proyectos empresariales y buscar inversores de capital riesgo.<br \/>\nPara asistir al \u2018Demo Day\u2019 del 4 de junio es necesario realizar una inscripci\u00f3n a trav\u00e9s de un <a href=\"https:\/\/docs.google.com\/forms\/d\/1FrvCQI_JQWLBGKi-0m0J8MN7LzxUpRXRjw5pyrqxCrE\/viewform?usp=send_form\">formulario web<\/a>.<br \/>\n<a href=\"https:\/\/drive.google.com\/file\/d\/0B4aWFEJXZjQqZ0pXTXBXWW5PYkU\/view?usp=sharing\">(Consulta el programa aqu\u00ed)<\/a><\/p>\n","protected":false},"excerpt":{"rendered":"<p>Esta jornada se celebrar\u00e1 el pr\u00f3ximo jueves, 4 de junio, en el Sal\u00f3n de Actos de Cajasiete de 16 a 20 horas. Las siete startups ser\u00e1n evaluadas por inversores y expertos de reconocida trayectoria, que actuar\u00e1n como jurado encargado de otorgar los &#8216;Premios PCTT a la Mejores Startups\u201d.<\/p>\n","protected":false},"author":1,"featured_media":18914,"comment_status":"closed","ping_status":"closed","sticky":false,"template":"","format":"standard","meta":{"footnotes":""},"categories":[8],"tags":[173,533,541,548,821,1353,1424],"featured_image_thumbnail_url":"https:\/\/fg.ull.es\/hemeroteca\/wp-content\/uploads\/sites\/14\/2015\/07\/las_empresas_participantes_en_el_demo_day_de_tf_inviertejpg-300x200.jpg","_links":{"self":[{"href":"https:\/\/fg.ull.es\/hemeroteca\/wp-json\/wp\/v2\/posts\/18979"}],"collection":[{"href":"https:\/\/fg.ull.es\/hemeroteca\/wp-json\/wp\/v2\/posts"}],"about":[{"href":"https:\/\/fg.ull.es\/hemeroteca\/wp-json\/wp\/v2\/types\/post"}],"author":[{"embeddable":true,"href":"https:\/\/fg.ull.es\/hemeroteca\/wp-json\/wp\/v2\/users\/1"}],"replies":[{"embeddable":true,"href":"https:\/\/fg.ull.es\/hemeroteca\/wp-json\/wp\/v2\/comments?post=18979"}],"version-history":[{"count":0,"href":"https:\/\/fg.ull.es\/hemeroteca\/wp-json\/wp\/v2\/posts\/18979\/revisions"}],"wp:featuredmedia":[{"embeddable":true,"href":"https:\/\/fg.ull.es\/hemeroteca\/wp-json\/wp\/v2\/media\/18914"}],"wp:attachment":[{"href":"https:\/\/fg.ull.es\/hemeroteca\/wp-json\/wp\/v2\/media?parent=18979"}],"wp:term":[{"taxonomy":"category","embeddable":true,"href":"https:\/\/fg.ull.es\/hemeroteca\/wp-json\/wp\/v2\/categories?post=18979"},{"taxonomy":"post_tag","embeddable":true,"href":"https:\/\/fg.ull.es\/hemeroteca\/wp-json\/wp\/v2\/tags?post=18979"}],"curies":[{"name":"wp","href":"https:\/\/api.w.org\/{rel}","templated":true}]}}