{"id":18977,"date":"2015-05-29T10:41:33","date_gmt":"2015-05-29T09:41:33","guid":{"rendered":"http:\/\/www.fg.ull.es\/?p=18977"},"modified":"2015-05-29T10:41:33","modified_gmt":"2015-05-29T09:41:33","slug":"ultimos-dias-de-inscripcion-para-participar-en-el-proyecto-ideas-2015","status":"publish","type":"post","link":"https:\/\/fg.ull.es\/hemeroteca\/2015\/05\/29\/ultimos-dias-de-inscripcion-para-participar-en-el-proyecto-ideas-2015\/","title":{"rendered":"\u00daltimos d\u00edas de inscripci\u00f3n para participar en el &#039;Proyecto Ideas 2015&#039;"},"content":{"rendered":"<h1>\u00daltimos d\u00edas de inscripci\u00f3n para participar en el &#8216;Proyecto Ideas 2015&#8217;<\/h1>\n<p>&nbsp;<\/p>\n<h4>La inscripci\u00f3n se cierra el pr\u00f3ximo 31 de mayo, hasta entonces se puede formalizar a trav\u00e9s de la p\u00e1gina web del proyecto. Esta iniciativa premia y trata de dar valor a los proyectos de fin de carrera, grado o m\u00e1ster de j\u00f3venes de la ULL.<\/h4>\n<p>&nbsp;<br \/>\n<i>El Programa para la Dinamizaci\u00f3n y Promoci\u00f3n de los Proyectos Fin de Carrera, Grado o M\u00e1ster con perfil emprendedor generados en la Universidad de La Laguna<\/i>, conocido como \u2018Proyecto Ideas 2015\u2019, entra en su etapa final de difusi\u00f3n y captaci\u00f3n de propuestas, cerr\u00e1ndose el periodo para realizar las inscripciones el pr\u00f3ximo domingo 31 de mayo.<br \/>\nEl <i>Proyecto Ideas<\/i> intenta promocionar los proyectos de los alumnos y alumnas m\u00e1s all\u00e1 del \u00e1mbito acad\u00e9mico, permitiendo adem\u00e1s evaluar el potencial comercial de los mismos. As\u00ed, los promotores de los proyectos participantes recibir\u00e1n: asesoramiento especializado que determine la propuesta de valor de los proyectos, participaci\u00f3n activa en foros de trabajo y talleres de mentor\u00eda empresarial, promoci\u00f3n de los proyectos en diversos canales de comunicaci\u00f3n y la posibilidad de participar en un acto p\u00fablico, el III Foro Ideas, donde se presentar\u00e1n los proyectos y se conceder\u00e1n atractivos premios a las mejores iniciativas.<br \/>\nEst\u00e1 dirigido a alumnado que est\u00e9n cursando los \u00faltimos a\u00f1os de carrera, grado y\/o m\u00e1ster y que se encuentren realizando o haya finalizado su proyecto final en la Universidad de La Laguna. Tambi\u00e9n pueden participar titulados y tituladas que hayan finalizado su proyecto final de carrera, grado y\/o m\u00e1ster en los \u00faltimos dos a\u00f1os, siempre y cuando no hayan recibido asesoramiento t\u00e9cnico y empresarial con anterioridad. Tanto las bases de la convocatoria como el formulario de solicitud est\u00e1n disponibles en la web <a href=\"http:\/\/www.fg.ull.es\/proyectoideas\/\">www.fg.ull.es\/proyectoideas\/<\/a>.<br \/>\nEl <i>Proyecto Ideas 2015<\/i> es una iniciativa de la Universidad de La Laguna y su Fundaci\u00f3n General.<\/p>\n","protected":false},"excerpt":{"rendered":"<p>La inscripci\u00f3n se cierra el pr\u00f3ximo 31 de mayo, hasta entonces se puede formalizar a trav\u00e9s de la p\u00e1gina web del proyecto. Esta iniciativa premia y trata de dar valor a los proyectos de fin de carrera, grado o m\u00e1ster de j\u00f3venes de la ULL.<\/p>\n","protected":false},"author":1,"featured_media":18618,"comment_status":"closed","ping_status":"closed","sticky":false,"template":"","format":"standard","meta":{"footnotes":""},"categories":[3],"tags":[173,533,541,821,1353,1424],"featured_image_thumbnail_url":"https:\/\/fg.ull.es\/hemeroteca\/wp-content\/uploads\/sites\/14\/2015\/07\/Proyecto_Ideas_2015_pantalla_1280x720px-300x169.jpg","_links":{"self":[{"href":"https:\/\/fg.ull.es\/hemeroteca\/wp-json\/wp\/v2\/posts\/18977"}],"collection":[{"href":"https:\/\/fg.ull.es\/hemeroteca\/wp-json\/wp\/v2\/posts"}],"about":[{"href":"https:\/\/fg.ull.es\/hemeroteca\/wp-json\/wp\/v2\/types\/post"}],"author":[{"embeddable":true,"href":"https:\/\/fg.ull.es\/hemeroteca\/wp-json\/wp\/v2\/users\/1"}],"replies":[{"embeddable":true,"href":"https:\/\/fg.ull.es\/hemeroteca\/wp-json\/wp\/v2\/comments?post=18977"}],"version-history":[{"count":0,"href":"https:\/\/fg.ull.es\/hemeroteca\/wp-json\/wp\/v2\/posts\/18977\/revisions"}],"wp:featuredmedia":[{"embeddable":true,"href":"https:\/\/fg.ull.es\/hemeroteca\/wp-json\/wp\/v2\/media\/18618"}],"wp:attachment":[{"href":"https:\/\/fg.ull.es\/hemeroteca\/wp-json\/wp\/v2\/media?parent=18977"}],"wp:term":[{"taxonomy":"category","embeddable":true,"href":"https:\/\/fg.ull.es\/hemeroteca\/wp-json\/wp\/v2\/categories?post=18977"},{"taxonomy":"post_tag","embeddable":true,"href":"https:\/\/fg.ull.es\/hemeroteca\/wp-json\/wp\/v2\/tags?post=18977"}],"curies":[{"name":"wp","href":"https:\/\/api.w.org\/{rel}","templated":true}]}}