{"id":18971,"date":"2015-05-28T10:38:19","date_gmt":"2015-05-28T09:38:19","guid":{"rendered":"http:\/\/www.fg.ull.es\/?p=18971"},"modified":"2015-05-28T10:38:19","modified_gmt":"2015-05-28T09:38:19","slug":"la-sexta-pildora-formativa-de-emprende-lalaguna-reunio-ayer-a-55-personas-interesadas-en-el-mundo-de-las-franquicias","status":"publish","type":"post","link":"https:\/\/fg.ull.es\/hemeroteca\/2015\/05\/28\/la-sexta-pildora-formativa-de-emprende-lalaguna-reunio-ayer-a-55-personas-interesadas-en-el-mundo-de-las-franquicias\/","title":{"rendered":"La sexta p\u00edldora formativa de Emprende.LaLaguna reuni\u00f3 ayer a 55 personas interesadas en el mundo de las franquicias"},"content":{"rendered":"<h1>La sexta p\u00edldora formativa de Emprende.LaLaguna reuni\u00f3 ayer a 55 personas interesadas en el mundo de las franquicias<\/h1>\n<p>&nbsp;<\/p>\n<h4>Esta acci\u00f3n formativa gratuita tuvo lugar ayer, 27 de mayo, en el Aula Magna de la secci\u00f3n de F\u00edsica y Matem\u00e1ticas de la Universidad de La Laguna. Estuvo impartida por Pablo Plasencia, de Mundo Franquicia.<\/h4>\n<p>&nbsp;<br \/>\nLa sexta sesi\u00f3n del \u2018Semillero\u2019 de p\u00edldoras formativas de Emprende.LaLaguna se celebr\u00f3 ayer, 27 de mayo, en el Aula Magna de la secci\u00f3n de F\u00edsica y Matem\u00e1ticas de la ULL. Cont\u00f3 con la asistencia de 55 potenciales emprendedores que aprendieron todos los pasos a seguir para poder montar una franquicia. Se desarroll\u00f3 en su horario habitual, de 16:30 a 19:30 horas.<br \/>\nEsta actividad formativa gratuita estuvo impartida por Pablo Plasencia, de Mundo Franquicia. \u00c9l fue el encargado de proporcionar a los emprendedores y emprendedoras asistentes las herramientas y competencias necesarias para desarrollar su actividad como franquicia.<br \/>\nLas p\u00edldoras formativas son ponencias de contenidos muy pr\u00e1cticos en las que se emplea una metodolog\u00eda experiencial con la intenci\u00f3n de resultar de utilidad para nuevos y potenciales emprendedores. Est\u00e1n impartidas por profesionales especializados en las tem\u00e1ticas que se tratan en cada sesi\u00f3n.<br \/>\nLa pr\u00f3xima p\u00edldora formativa tendr\u00e1 lugar el 3 de junio y estar\u00e1 dedicada a crear una campa\u00f1a de publicidad online a trav\u00e9s de Google Adwords. Se impartir\u00e1 de 16:30 a 19:30 horas en el aulario de la Fundaci\u00f3n General de la ULL y el ponente ser\u00e1 Jos\u00e9 Frech\u00edn, socio fundador de M\u00e9triz Canarias SL y especialista en comunicaci\u00f3n digital.<br \/>\n<a href=\"https:\/\/sede.fg.ull.es\/es\/emprendimiento\/detalle\/a14230094\/pildora-formativa-google-adwords-crea-una-campa-a-de-publicidad-online\">(M\u00e1s informaci\u00f3n e inscripci\u00f3n aqu\u00ed)<\/a><\/p>\n","protected":false},"excerpt":{"rendered":"<p>Esta acci\u00f3n formativa gratuita tuvo lugar ayer, 27 de mayo, en el Aula Magna de la secci\u00f3n de F\u00edsica y Matem\u00e1ticas de la Universidad de La Laguna. Estuvo impartida por Pablo Plasencia, de Mundo Franquicia.<\/p>\n","protected":false},"author":1,"featured_media":18972,"comment_status":"closed","ping_status":"closed","sticky":false,"template":"","format":"standard","meta":{"footnotes":""},"categories":[3],"tags":[173,533,541,672,1353,1424],"featured_image_thumbnail_url":"https:\/\/fg.ull.es\/hemeroteca\/wp-content\/uploads\/sites\/14\/2015\/07\/el_ponente_pablo_plasencia_durante_un_instante_de_la_sesionjpg-300x201.jpg","_links":{"self":[{"href":"https:\/\/fg.ull.es\/hemeroteca\/wp-json\/wp\/v2\/posts\/18971"}],"collection":[{"href":"https:\/\/fg.ull.es\/hemeroteca\/wp-json\/wp\/v2\/posts"}],"about":[{"href":"https:\/\/fg.ull.es\/hemeroteca\/wp-json\/wp\/v2\/types\/post"}],"author":[{"embeddable":true,"href":"https:\/\/fg.ull.es\/hemeroteca\/wp-json\/wp\/v2\/users\/1"}],"replies":[{"embeddable":true,"href":"https:\/\/fg.ull.es\/hemeroteca\/wp-json\/wp\/v2\/comments?post=18971"}],"version-history":[{"count":0,"href":"https:\/\/fg.ull.es\/hemeroteca\/wp-json\/wp\/v2\/posts\/18971\/revisions"}],"wp:featuredmedia":[{"embeddable":true,"href":"https:\/\/fg.ull.es\/hemeroteca\/wp-json\/wp\/v2\/media\/18972"}],"wp:attachment":[{"href":"https:\/\/fg.ull.es\/hemeroteca\/wp-json\/wp\/v2\/media?parent=18971"}],"wp:term":[{"taxonomy":"category","embeddable":true,"href":"https:\/\/fg.ull.es\/hemeroteca\/wp-json\/wp\/v2\/categories?post=18971"},{"taxonomy":"post_tag","embeddable":true,"href":"https:\/\/fg.ull.es\/hemeroteca\/wp-json\/wp\/v2\/tags?post=18971"}],"curies":[{"name":"wp","href":"https:\/\/api.w.org\/{rel}","templated":true}]}}