{"id":18966,"date":"2015-05-28T10:36:09","date_gmt":"2015-05-28T09:36:09","guid":{"rendered":"http:\/\/www.fg.ull.es\/?p=18966"},"modified":"2015-05-28T10:36:09","modified_gmt":"2015-05-28T09:36:09","slug":"el-proximo-1-de-junio-se-celebrara-una-jornada-informativa-sobre-el-servicio-voluntario-europeo-del-programa-erasmus","status":"publish","type":"post","link":"https:\/\/fg.ull.es\/hemeroteca\/2015\/05\/28\/el-proximo-1-de-junio-se-celebrara-una-jornada-informativa-sobre-el-servicio-voluntario-europeo-del-programa-erasmus\/","title":{"rendered":"El pr\u00f3ximo 1 de junio se celebrar\u00e1 una jornada informativa sobre el &#039;Servicio Voluntario Europeo&#039; del programa Erasmus +"},"content":{"rendered":"<h1>El pr\u00f3ximo 1 de junio se celebrar\u00e1 una jornada informativa sobre el &#8216;Servicio Voluntario Europeo&#8217; del programa Erasmus +<\/h1>\n<p>&nbsp;<\/p>\n<h4>Esta nueva sesi\u00f3n informativa sobre este programa de voluntariado europeo tendr\u00e1 lugar en el aula 14 de la Fundaci\u00f3n General de la ULL de 17 a 18 horas. La inscripci\u00f3n se podr\u00e1 realizar a trav\u00e9s de la sede electr\u00f3nica de la Fundaci\u00f3n hasta el 31 de mayo.<\/h4>\n<p>&nbsp;<br \/>\nEl pr\u00f3ximo lunes, 1 de junio \u00a0tendr\u00e1 lugar una charla informativa sobre el programa \u2018Servicio Voluntario Europeo\u2019 en el aula 14 de la Fundaci\u00f3n General de la Universidad de La Laguna. La sesi\u00f3n ser\u00e1 gratuita y podr\u00e1n asistir a ella todos los interesados en recibir informaci\u00f3n y orientaci\u00f3n sobre este programa de voluntariado europeo. La sesi\u00f3n se desarrollar\u00e1 en horario de tarde, de 17 a 18 horas.<br \/>\nEl \u2018Servicio Voluntario Europeo\u2019 es una de las l\u00edneas de acci\u00f3n del programa Erasmus +. Consiste en una experiencia de aprendizaje en el \u00e1mbito de la educaci\u00f3n no formal, en la que las personas j\u00f3venes voluntarias mejoran o adquieren competencias para su desarrollo personal, educativo y profesional, as\u00ed como para su integraci\u00f3n social. De esta manera, los\/as\u00a0 voluntarios\/as desarrollan su actividad en un pa\u00eds distinto de su pa\u00eds de residencia. Esta actividad, no remunerada y sin \u00e1nimo de lucro, se realiza a tiempo completo durante un periodo determinado en beneficio de la comunidad.<br \/>\nAs\u00ed, este programa de Erasmus + da la oportunidad de colaborar en proyectos sociales sin experiencia previa necesaria; aprender idiomas extranjeros sin conocimientos previos; ser voluntario aproximadamente 35 horas semanales; recibir una beca de ayuda y participar en proyecto de la Comisi\u00f3n Europea, donde la \u00fanica\u00a0 cofinanciaci\u00f3n necesaria es el 10 % de los gastos del viaje internacional. Los requisitos para ser beneficiario\/a de este programa son tener entre 18 y 30 a\u00f1os y vivir en Espa\u00f1a.<br \/>\nLas personas interesadas en inscribirse podr\u00e1n hacerlo a trav\u00e9s de la sede electr\u00f3nica de la Fundaci\u00f3n General de la ULL hasta el 31 de mayo.<br \/>\n<a href=\"https:\/\/sede.fg.ull.es\/es\/curso\/detalle\/a15230299\/jornada-informativa-servicio-voluntario-europeo-01-06-2015\">(M\u00e1s informaci\u00f3n e inscripci\u00f3n aqu\u00ed)<\/a><\/p>\n","protected":false},"excerpt":{"rendered":"<p>Esta nueva sesi\u00f3n informativa sobre este programa de voluntariado europeo tendr\u00e1 lugar en el aula 14 de la Fundaci\u00f3n General de la ULL de 17 a 18 horas. La inscripci\u00f3n se podr\u00e1 realizar a trav\u00e9s de la sede electr\u00f3nica de la Fundaci\u00f3n hasta el 31 de mayo.<\/p>\n","protected":false},"author":1,"featured_media":18969,"comment_status":"closed","ping_status":"closed","sticky":false,"template":"","format":"standard","meta":{"footnotes":""},"categories":[3],"tags":[173,574,1019,1353,1424],"featured_image_thumbnail_url":"https:\/\/fg.ull.es\/hemeroteca\/wp-content\/uploads\/sites\/14\/2015\/07\/el_servicio_voluntario_europeo_esta_enmarcado_en_el_programa_erasmus_43jpg-300x117.jpg","_links":{"self":[{"href":"https:\/\/fg.ull.es\/hemeroteca\/wp-json\/wp\/v2\/posts\/18966"}],"collection":[{"href":"https:\/\/fg.ull.es\/hemeroteca\/wp-json\/wp\/v2\/posts"}],"about":[{"href":"https:\/\/fg.ull.es\/hemeroteca\/wp-json\/wp\/v2\/types\/post"}],"author":[{"embeddable":true,"href":"https:\/\/fg.ull.es\/hemeroteca\/wp-json\/wp\/v2\/users\/1"}],"replies":[{"embeddable":true,"href":"https:\/\/fg.ull.es\/hemeroteca\/wp-json\/wp\/v2\/comments?post=18966"}],"version-history":[{"count":0,"href":"https:\/\/fg.ull.es\/hemeroteca\/wp-json\/wp\/v2\/posts\/18966\/revisions"}],"wp:featuredmedia":[{"embeddable":true,"href":"https:\/\/fg.ull.es\/hemeroteca\/wp-json\/wp\/v2\/media\/18969"}],"wp:attachment":[{"href":"https:\/\/fg.ull.es\/hemeroteca\/wp-json\/wp\/v2\/media?parent=18966"}],"wp:term":[{"taxonomy":"category","embeddable":true,"href":"https:\/\/fg.ull.es\/hemeroteca\/wp-json\/wp\/v2\/categories?post=18966"},{"taxonomy":"post_tag","embeddable":true,"href":"https:\/\/fg.ull.es\/hemeroteca\/wp-json\/wp\/v2\/tags?post=18966"}],"curies":[{"name":"wp","href":"https:\/\/api.w.org\/{rel}","templated":true}]}}