{"id":18961,"date":"2015-05-28T10:32:44","date_gmt":"2015-05-28T09:32:44","guid":{"rendered":"http:\/\/www.fg.ull.es\/?p=18961"},"modified":"2015-05-28T10:32:44","modified_gmt":"2015-05-28T09:32:44","slug":"la-empresa-marrero-asesores-s-l-participa-en-un-seminario-de-la-escuela-de-empleo","status":"publish","type":"post","link":"https:\/\/fg.ull.es\/hemeroteca\/2015\/05\/28\/la-empresa-marrero-asesores-s-l-participa-en-un-seminario-de-la-escuela-de-empleo\/","title":{"rendered":"La empresa Marrero Asesores S.L. participa en un seminario de la Escuela de Empleo"},"content":{"rendered":"<h1>La empresa Marrero Asesores S.L. participa en un seminario de la Escuela de Empleo<\/h1>\n<p>&nbsp;<\/p>\n<h4>Se alcanza el cuarto encuentro con empresas con los que se pretende dar a conocer a los y las participantes los aspectos m\u00e1s valorados en la consecuci\u00f3n y mantenimiento de un empleo.<\/h4>\n<p>&nbsp;<br \/>\nHoy [28 de mayo] el alumnado de la Escuela de Empleo de la Fundaci\u00f3n General de la ULL particip\u00f3 en un encuentro con dos profesionales de la empresa\u00a0 Marrero Asesores S.L.; durante la jornada los representantes de la empresa destacaron la fuerte convicci\u00f3n de la organizaci\u00f3n de apostar por el potencial de los titulados y tituladas y, en particular, por la implementaci\u00f3n de pr\u00e1cticas y becas como el primer paso del desempe\u00f1o profesional. De hecho, uno de los ponentes relat\u00f3 en primera persona su experiencia como becario en la empresa. Adem\u00e1s, insisti\u00f3 en la importancia de la b\u00fasqueda aut\u00f3noma de oportunidades de empleo y en la afirmaci\u00f3n del valor que poseen como titulados y tituladas.<br \/>\nDurante el resto de la intervenci\u00f3n expusieron su visi\u00f3n sobre la situaci\u00f3n actual y la importancia de invertir en tecnolog\u00eda y en talento humano como motor de crecimiento y diferenciaci\u00f3n de las empresas y \u00a0de la gran evoluci\u00f3n de los despachos y asesor\u00edas desde la mera producci\u00f3n al asesoramiento integral de sus clientes como forma de diferenciaci\u00f3n. Expresaron tambi\u00e9n la importancia de cambiar de actitud como clave en la consecuci\u00f3n de sus objetivos, el valor de la creatividad en la b\u00fasqueda de empleo y en el propio puesto de trabajo y la motivaci\u00f3n y las ganas por aprender y formarse.<br \/>\nFinalmente, el alumnado ha realizado una din\u00e1mica grupal en la que han trabajado en equipos para solucionar un problema en un supuesto pr\u00e1ctico de aplicaci\u00f3n en los procesos de selecci\u00f3n.<br \/>\n<b>Escuela de Empleo<\/b><br \/>\nEl proyecto conjuga formaci\u00f3n especializada y orientaci\u00f3n para facilitar el acceso al empleo. Pretende promover la empleabilidad de personas sin experiencia laboral, promoviendo la adquisici\u00f3n de competencias transversales, la b\u00fasqueda activa de empleo, potenciando el desarrollo de sus carreras profesionales y facilitando la inserci\u00f3n. En esta edici\u00f3n, se presenta como principal novedad la realizaci\u00f3n de 100 horas de pr\u00e1cticas en empresas.<\/p>\n","protected":false},"excerpt":{"rendered":"<p>Se alcanza el cuarto encuentro con empresas con los que se pretende dar a conocer a los y las participantes los aspectos m\u00e1s valorados en la consecuci\u00f3n y mantenimiento de un empleo.<\/p>\n","protected":false},"author":1,"featured_media":18964,"comment_status":"closed","ping_status":"closed","sticky":false,"template":"","format":"standard","meta":{"footnotes":""},"categories":[3],"tags":[173,518,671,672,1079,1353,1424],"featured_image_thumbnail_url":"https:\/\/fg.ull.es\/hemeroteca\/wp-content\/uploads\/sites\/14\/2015\/07\/un_instante_del_encuentro_con_marreo_asesores_sljpg-300x201.jpg","_links":{"self":[{"href":"https:\/\/fg.ull.es\/hemeroteca\/wp-json\/wp\/v2\/posts\/18961"}],"collection":[{"href":"https:\/\/fg.ull.es\/hemeroteca\/wp-json\/wp\/v2\/posts"}],"about":[{"href":"https:\/\/fg.ull.es\/hemeroteca\/wp-json\/wp\/v2\/types\/post"}],"author":[{"embeddable":true,"href":"https:\/\/fg.ull.es\/hemeroteca\/wp-json\/wp\/v2\/users\/1"}],"replies":[{"embeddable":true,"href":"https:\/\/fg.ull.es\/hemeroteca\/wp-json\/wp\/v2\/comments?post=18961"}],"version-history":[{"count":0,"href":"https:\/\/fg.ull.es\/hemeroteca\/wp-json\/wp\/v2\/posts\/18961\/revisions"}],"wp:featuredmedia":[{"embeddable":true,"href":"https:\/\/fg.ull.es\/hemeroteca\/wp-json\/wp\/v2\/media\/18964"}],"wp:attachment":[{"href":"https:\/\/fg.ull.es\/hemeroteca\/wp-json\/wp\/v2\/media?parent=18961"}],"wp:term":[{"taxonomy":"category","embeddable":true,"href":"https:\/\/fg.ull.es\/hemeroteca\/wp-json\/wp\/v2\/categories?post=18961"},{"taxonomy":"post_tag","embeddable":true,"href":"https:\/\/fg.ull.es\/hemeroteca\/wp-json\/wp\/v2\/tags?post=18961"}],"curies":[{"name":"wp","href":"https:\/\/api.w.org\/{rel}","templated":true}]}}