{"id":18959,"date":"2015-05-27T10:29:36","date_gmt":"2015-05-27T09:29:36","guid":{"rendered":"http:\/\/www.fg.ull.es\/?p=18959"},"modified":"2015-05-27T10:29:36","modified_gmt":"2015-05-27T09:29:36","slug":"nueva-oportunidad-en-la-laguna-para-participar-en-el-taller-gratuito-preparate-para-emprender","status":"publish","type":"post","link":"https:\/\/fg.ull.es\/hemeroteca\/2015\/05\/27\/nueva-oportunidad-en-la-laguna-para-participar-en-el-taller-gratuito-preparate-para-emprender\/","title":{"rendered":"Nueva oportunidad en La Laguna para participar en el taller gratuito &#039;Prep\u00e1rate para Emprender&#039;"},"content":{"rendered":"<h1>Nueva oportunidad en La Laguna para participar en el taller gratuito &#8216;Prep\u00e1rate para Emprender&#8217;<\/h1>\n<p>&nbsp;<\/p>\n<h4>Comenzar\u00e1 a impartirse pr\u00f3ximamente y se desarrollar\u00e1 todos los martes y jueves de 16:30 a 19:30 horas en el aulario de la Fundaci\u00f3n General de la ULL. En la primera edici\u00f3n de esta acci\u00f3n formativa surgieron 18 proyectos empresariales de tem\u00e1ticas y sectores tan variados como la educaci\u00f3n, las energ\u00edas renovables o el emprendimiento social.<\/h4>\n<p>&nbsp;<br \/>\nLa segunda edici\u00f3n del taller gratuito \u2018Prep\u00e1rate para Emprender\u2019 de Emprende.LaLaguna vuelve a poner a disposici\u00f3n de los ciudadanos y ciudadanas del municipio la formaci\u00f3n en las competencias necesarias para madurar y analizar la viabilidad t\u00e9cnica y econ\u00f3mica de sus modelos de negocio. Esta acci\u00f3n, que consta de 100 horas de car\u00e1cter semipresencial, comenzar\u00e1 a impartirse pr\u00f3ximamente y se desarrollar\u00e1 hasta el 2 de julio. Las sesiones tendr\u00e1n lugar todos los martes y jueves de 16:30 a 19:30 horas en el aulario de la Fundaci\u00f3n General de la ULL. La inscripci\u00f3n se podr\u00e1 realizar a trav\u00e9s de la sede electr\u00f3nica de la Fundaci\u00f3n. Este taller es posible gracias a la colaboraci\u00f3n de la Fundaci\u00f3n General de la ULL y el Ayuntamiento de La Laguna.<br \/>\nEl programa formativo est\u00e1 compuesto por cinco m\u00f3dulos secuenciales en los que se abarcar\u00e1n competencias como el an\u00e1lisis de las propias capacidades, la elaboraci\u00f3n de la idea de negocio, estrategias de marketing, la organizaci\u00f3n y estructura de la empresa, el c\u00e1lculo de costes e inversiones y la implementaci\u00f3n y presentaci\u00f3n del proyecto. Estas habilidades y competencias se adquirir\u00e1n en doce sesiones presenciales de tres horas de duraci\u00f3n. Asimismo, los diferentes apartados del plan de empresa se trabajar\u00e1n a trav\u00e9s de la plataforma online de gesti\u00f3n de la \u2018Red de Semillero de Proyectos\u2019 de Emprende.LaLaguna. De manera complementaria, tambi\u00e9n se realizar\u00e1n tutor\u00edas individualizadas de asesoramiento.<br \/>\nEn la primera edici\u00f3n de este taller participaron veinte personas con inquietudes emprendedoras del municipio de La Laguna. Durante el transcurso de la formaci\u00f3n, surgieron dieciocho proyectos empresariales de tem\u00e1ticas y sectores tan variados como la educaci\u00f3n, el emprendimiento social para atender a los colectivos m\u00e1s desfavorecidos, las energ\u00edas renovables o las TIC. Adem\u00e1s, tambi\u00e9n se crearon proyectos creativos con productos desarrollados por los propios emprendedores.<br \/>\nEl objetivo principal de las acciones de Emprende.LaLaguna es ser un nexo de uni\u00f3n entre los diferentes agentes colaboradores y programas dirigidos a la creaci\u00f3n y consolidaci\u00f3n de empresas. Por ello, la formaci\u00f3n de personas con ideas emprendedoras, as\u00ed como la mejora de la calidad, potencialidad y consolidaci\u00f3n de sus iniciativas empresariales, es una labor b\u00e1sica e importante para la generaci\u00f3n del tejido empresarial de La Laguna. Partiendo de esta premisa, el proyecto aglutina una serie de acciones encaminadas a fomentar el emprendimiento entre los ciudadanos del municipio, as\u00ed como promover la consolidaci\u00f3n y supervivencia tanto de empresas de nueva creaci\u00f3n como empresas de un largo recorrido.<br \/>\n<a href=\"https:\/\/sede.fg.ull.es\/es\/emprendimiento\/detalle\/a15230262\/preparate-para-emprender-en-verano\">(M\u00e1s informaci\u00f3n e inscripci\u00f3n aqu\u00ed)<\/a><\/p>\n","protected":false},"excerpt":{"rendered":"<p>Comenzar\u00e1 a impartirse pr\u00f3ximamente y se desarrollar\u00e1 todos los martes y jueves de 16:30 a 19:30 horas en el aulario de la Fundaci\u00f3n General de la ULL. En la primera edici\u00f3n de esta acci\u00f3n formativa surgieron 18 proyectos empresariales de tem\u00e1ticas y sectores tan variados como la educaci\u00f3n, las energ\u00edas renovables o el emprendimiento social.<\/p>\n","protected":false},"author":1,"featured_media":18217,"comment_status":"closed","ping_status":"closed","sticky":false,"template":"","format":"standard","meta":{"footnotes":""},"categories":[3],"tags":[173,533,541,672,1353,1424],"featured_image_thumbnail_url":"https:\/\/fg.ull.es\/hemeroteca\/wp-content\/uploads\/sites\/14\/2015\/06\/Cartel-Prep\u00e1rate-para-Emprender-Verano1-300x169.jpg","_links":{"self":[{"href":"https:\/\/fg.ull.es\/hemeroteca\/wp-json\/wp\/v2\/posts\/18959"}],"collection":[{"href":"https:\/\/fg.ull.es\/hemeroteca\/wp-json\/wp\/v2\/posts"}],"about":[{"href":"https:\/\/fg.ull.es\/hemeroteca\/wp-json\/wp\/v2\/types\/post"}],"author":[{"embeddable":true,"href":"https:\/\/fg.ull.es\/hemeroteca\/wp-json\/wp\/v2\/users\/1"}],"replies":[{"embeddable":true,"href":"https:\/\/fg.ull.es\/hemeroteca\/wp-json\/wp\/v2\/comments?post=18959"}],"version-history":[{"count":0,"href":"https:\/\/fg.ull.es\/hemeroteca\/wp-json\/wp\/v2\/posts\/18959\/revisions"}],"wp:featuredmedia":[{"embeddable":true,"href":"https:\/\/fg.ull.es\/hemeroteca\/wp-json\/wp\/v2\/media\/18217"}],"wp:attachment":[{"href":"https:\/\/fg.ull.es\/hemeroteca\/wp-json\/wp\/v2\/media?parent=18959"}],"wp:term":[{"taxonomy":"category","embeddable":true,"href":"https:\/\/fg.ull.es\/hemeroteca\/wp-json\/wp\/v2\/categories?post=18959"},{"taxonomy":"post_tag","embeddable":true,"href":"https:\/\/fg.ull.es\/hemeroteca\/wp-json\/wp\/v2\/tags?post=18959"}],"curies":[{"name":"wp","href":"https:\/\/api.w.org\/{rel}","templated":true}]}}