{"id":18951,"date":"2015-05-27T10:24:08","date_gmt":"2015-05-27T09:24:08","guid":{"rendered":"http:\/\/www.fg.ull.es\/?p=18951"},"modified":"2015-05-27T10:24:08","modified_gmt":"2015-05-27T09:24:08","slug":"listado-provisional-de-personas-aceptadas-y-excluidas-para-la-seleccion-de-proyectos-para-participar-en-la-i-edicion-de-launchtf","status":"publish","type":"post","link":"https:\/\/fg.ull.es\/hemeroteca\/2015\/05\/27\/listado-provisional-de-personas-aceptadas-y-excluidas-para-la-seleccion-de-proyectos-para-participar-en-la-i-edicion-de-launchtf\/","title":{"rendered":"Listado provisional de personas aceptadas y excluidas para la selecci\u00f3n de proyectos para participar en la I edici\u00f3n de &#039;launchTF&#039;"},"content":{"rendered":"<h1>Listado provisional de personas aceptadas y excluidas para la selecci\u00f3n de proyectos para participar en la I edici\u00f3n de &#8216;launchTF&#8217;<\/h1>\n<p>&nbsp;<\/p>\n<h4>A continuaci\u00f3n se presenta el listado provisional para la selecci\u00f3n de proyectos para participar en el programa de pre-aceleraci\u00f3n de startups, &#8216;launchTF&#8217;.<\/h4>\n<p>&nbsp;<br \/>\nFinalizado el periodo de inscripciones, se procede a publicar el primer listado provisional de personas aceptadas y excluidas con su motivo, para la selecci\u00f3n de proyectos que participar\u00e1n en la primera edici\u00f3n del programa de pre-aceleraci\u00f3n de startups <a title=\"LaunchTF\" href=\"http:\/\/fg.ull.es\/launchtf\/\" target=\"_blank\" rel=\"noopener noreferrer\">launchTF<\/a>, una iniciativa de la Fundaci\u00f3n General de la Universidad de La Laguna. Se establece un periodo de 3 d\u00edas naturales para eventuales alegaciones que, en ning\u00fan caso, ser\u00e1 per\u00edodo de subsanaci\u00f3n de documentaci\u00f3n. Finalizado \u00e9ste, y resueltas las alegaciones, se proceder\u00e1 a publicar el listado definitivo.<br \/>\nPuede ver el listado provisional <a title=\"Listado Provisional\" href=\"http:\/\/www.fg.ull.es\/public\/docs\/1906_ub_listado_provisional_launchtf.pdf\" target=\"_blank\" rel=\"noopener noreferrer\">aqu\u00ed<\/a>.<\/p>\n","protected":false},"excerpt":{"rendered":"<p>A continuaci\u00f3n se presenta el listado provisional para la selecci\u00f3n de proyectos para participar en el programa de pre-aceleraci\u00f3n de startups, &#8216;launchTF&#8217;.<\/p>\n","protected":false},"author":1,"featured_media":17873,"comment_status":"closed","ping_status":"closed","sticky":false,"template":"","format":"standard","meta":{"footnotes":""},"categories":[8],"tags":[173,548,672,821,1353,1424],"featured_image_thumbnail_url":"https:\/\/fg.ull.es\/hemeroteca\/wp-content\/uploads\/sites\/14\/2015\/06\/pantalla_1280x720px3-300x169.jpg","_links":{"self":[{"href":"https:\/\/fg.ull.es\/hemeroteca\/wp-json\/wp\/v2\/posts\/18951"}],"collection":[{"href":"https:\/\/fg.ull.es\/hemeroteca\/wp-json\/wp\/v2\/posts"}],"about":[{"href":"https:\/\/fg.ull.es\/hemeroteca\/wp-json\/wp\/v2\/types\/post"}],"author":[{"embeddable":true,"href":"https:\/\/fg.ull.es\/hemeroteca\/wp-json\/wp\/v2\/users\/1"}],"replies":[{"embeddable":true,"href":"https:\/\/fg.ull.es\/hemeroteca\/wp-json\/wp\/v2\/comments?post=18951"}],"version-history":[{"count":0,"href":"https:\/\/fg.ull.es\/hemeroteca\/wp-json\/wp\/v2\/posts\/18951\/revisions"}],"wp:featuredmedia":[{"embeddable":true,"href":"https:\/\/fg.ull.es\/hemeroteca\/wp-json\/wp\/v2\/media\/17873"}],"wp:attachment":[{"href":"https:\/\/fg.ull.es\/hemeroteca\/wp-json\/wp\/v2\/media?parent=18951"}],"wp:term":[{"taxonomy":"category","embeddable":true,"href":"https:\/\/fg.ull.es\/hemeroteca\/wp-json\/wp\/v2\/categories?post=18951"},{"taxonomy":"post_tag","embeddable":true,"href":"https:\/\/fg.ull.es\/hemeroteca\/wp-json\/wp\/v2\/tags?post=18951"}],"curies":[{"name":"wp","href":"https:\/\/api.w.org\/{rel}","templated":true}]}}