{"id":18947,"date":"2015-05-27T10:21:41","date_gmt":"2015-05-27T09:21:41","guid":{"rendered":"http:\/\/www.fg.ull.es\/?p=18947"},"modified":"2015-05-27T10:21:41","modified_gmt":"2015-05-27T09:21:41","slug":"la-inscripcion-para-la-ii-edicion-del-concurso-de-divulgacion-cientifica-cienciull-se-podra-realizar-hasta-el-1-de-junio","status":"publish","type":"post","link":"https:\/\/fg.ull.es\/hemeroteca\/2015\/05\/27\/la-inscripcion-para-la-ii-edicion-del-concurso-de-divulgacion-cientifica-cienciull-se-podra-realizar-hasta-el-1-de-junio\/","title":{"rendered":"La inscripci\u00f3n para la II edici\u00f3n del &#039;Concurso de Divulgaci\u00f3n Cient\u00edfica Cienci@ULL&#039; se podr\u00e1 realizar hasta el 1 de junio"},"content":{"rendered":"<h1>La inscripci\u00f3n para la II edici\u00f3n del &#8216;Concurso de Divulgaci\u00f3n Cient\u00edfica Cienci@ULL&#8217; se podr\u00e1 realizar hasta el 1 de junio<\/h1>\n<p>&nbsp;<\/p>\n<h4>Esta iniciativa est\u00e1 dirigida a la comunidad de j\u00f3venes investigadores que se encuentren cursando programas de doctorado de la Universidad de La Laguna. Consiste en la elaboraci\u00f3n de un v\u00eddeo de car\u00e1cter divulgativo de su actividad investigadora y se podr\u00e1 participar de manera individual o colectiva. La inscripci\u00f3n se podr\u00e1 realizar hasta el 1 de junio a las 14 horas.<\/h4>\n<p>&nbsp;<br \/>\nEl periodo de inscripci\u00f3n para la segunda edici\u00f3n del \u2018Concurso de Divulgaci\u00f3n Cient\u00edfica Cienci@ULL\u2019 finalizar\u00e1 el pr\u00f3ximo lunes 1 de junio a las 14 horas. Este concurso, en el que se podr\u00e1 participar de manera individual y colectiva, est\u00e1 dirigido a la comunidad de j\u00f3venes investigadores que se encuentren cursando programas de doctorado en la Universidad de La Laguna. Las personas interesadas en participar deber\u00e1n elaborar un v\u00eddeo de car\u00e1cter divulgativo de su actividad investigadora. Si se desea participar de manera colectiva, se permitir\u00e1n grupos conformados como m\u00e1ximo por cinco miembros y deber\u00e1n tener un representante, que ser\u00e1 la persona de contacto del grupo con la organizaci\u00f3n.<br \/>\nEste concurso fue presentado el pasado mes de marzo por la Unidad de Cultura Cient\u00edfica y de la Innovaci\u00f3n de la Universidad de La Laguna, Cienci@ULL. El objetivo de la iniciativa es \u00a0dar a conocer la labor investigadora desarrollada en la Universidad, a trav\u00e9s de la elaboraci\u00f3n de v\u00eddeos divulgativos de un m\u00e1ximo de cinco minutos de duraci\u00f3n elaborados por los propios doctorandos y doctorandas. En ellos, se debe mostrar de forma cercana la aplicabilidad de los resultados de las investigaciones para cubrir necesidades sociales. Con el material resultante se promocionar\u00e1 la cultura cient\u00edfica y se fomentar\u00e1n las vocaciones cient\u00edficas en los j\u00f3venes de Canarias, por lo que el car\u00e1cter did\u00e1ctico y el uso de un lenguaje sencillo son esenciales.<br \/>\nLos trabajos presentados se subir\u00e1n a las redes sociales y ser\u00e1n valorados en dos fases. Una primera en la que se seleccionar\u00e1n los cinco v\u00eddeos m\u00e1s votados en las redes. En la segunda,\u00a0 una comisi\u00f3n de selecci\u00f3n formada por dos representantes de la Fundaci\u00f3n General, uno del Cabildo Insular de Tenerife y otros dos de la Universidad de La Laguna, seleccionar\u00e1 a los dos ganadores.<br \/>\nPara ello, se valorar\u00e1 que los trabajos tengan un t\u00edtulo claro y atractivo, el uso de un lenguaje y redacci\u00f3n divulgativos pero rigurosos, la calidad ilustrativa y t\u00e9cnica de las im\u00e1genes, y la actualidad tem\u00e1tica y en revistas cient\u00edficas de impacto de la tem\u00e1tica del v\u00eddeo.<br \/>\nLos dos v\u00eddeos que m\u00e1s se ajusten a estos criterios recibir\u00e1n los dos premios estipulados en las bases del concurso. El primero tendr\u00e1 una dotaci\u00f3n econ\u00f3mica de 800 euros y el segundo de 200. En ambos casos, la cuant\u00eda est\u00e1 destinada a cubrir los costes del material para el desarrollo de las investigaciones o estancias de investigaci\u00f3n de los ganadores.<br \/>\n<a href=\"http:\/\/ciencia.fg.ull.es\/concursos\/\">(M\u00e1s informaci\u00f3n e inscripci\u00f3n aqu\u00ed)<\/a><br \/>\n<a href=\"http:\/\/ciencia.fg.ull.es\/wp-content\/uploads\/2015\/03\/Bases-Concurso-DIVULGACI%C3%83%E2%80%9CN_-final.pdf\">(Consulta las bases de participaci\u00f3n aqu\u00ed)<\/a><\/p>\n","protected":false},"excerpt":{"rendered":"<p>Esta iniciativa est\u00e1 dirigida a la comunidad de j\u00f3venes investigadores que se encuentren cursando programas de doctorado de la Universidad de La Laguna. Consiste en la elaboraci\u00f3n de un v\u00eddeo de car\u00e1cter divulgativo de su actividad investigadora y se podr\u00e1 participar de manera individual o colectiva. La inscripci\u00f3n se podr\u00e1 realizar hasta el 1 de junio a las 14 horas.<\/p>\n","protected":false},"author":1,"featured_media":18948,"comment_status":"closed","ping_status":"closed","sticky":false,"template":"","format":"standard","meta":{"footnotes":""},"categories":[8],"tags":[173,821,862,1353,1424],"featured_image_thumbnail_url":"https:\/\/fg.ull.es\/hemeroteca\/wp-content\/uploads\/sites\/14\/2015\/07\/pantalla_1280x720px3-300x169.jpg","_links":{"self":[{"href":"https:\/\/fg.ull.es\/hemeroteca\/wp-json\/wp\/v2\/posts\/18947"}],"collection":[{"href":"https:\/\/fg.ull.es\/hemeroteca\/wp-json\/wp\/v2\/posts"}],"about":[{"href":"https:\/\/fg.ull.es\/hemeroteca\/wp-json\/wp\/v2\/types\/post"}],"author":[{"embeddable":true,"href":"https:\/\/fg.ull.es\/hemeroteca\/wp-json\/wp\/v2\/users\/1"}],"replies":[{"embeddable":true,"href":"https:\/\/fg.ull.es\/hemeroteca\/wp-json\/wp\/v2\/comments?post=18947"}],"version-history":[{"count":0,"href":"https:\/\/fg.ull.es\/hemeroteca\/wp-json\/wp\/v2\/posts\/18947\/revisions"}],"wp:featuredmedia":[{"embeddable":true,"href":"https:\/\/fg.ull.es\/hemeroteca\/wp-json\/wp\/v2\/media\/18948"}],"wp:attachment":[{"href":"https:\/\/fg.ull.es\/hemeroteca\/wp-json\/wp\/v2\/media?parent=18947"}],"wp:term":[{"taxonomy":"category","embeddable":true,"href":"https:\/\/fg.ull.es\/hemeroteca\/wp-json\/wp\/v2\/categories?post=18947"},{"taxonomy":"post_tag","embeddable":true,"href":"https:\/\/fg.ull.es\/hemeroteca\/wp-json\/wp\/v2\/tags?post=18947"}],"curies":[{"name":"wp","href":"https:\/\/api.w.org\/{rel}","templated":true}]}}