{"id":18940,"date":"2015-05-27T10:11:26","date_gmt":"2015-05-27T09:11:26","guid":{"rendered":"http:\/\/www.fg.ull.es\/?p=18940"},"modified":"2015-05-27T10:11:26","modified_gmt":"2015-05-27T09:11:26","slug":"se-amplia-el-plazo-de-inscripcion-para-el-campus-de-la-ciencia-y-la-tecnologia-de-la-universidad-de-la-laguna","status":"publish","type":"post","link":"https:\/\/fg.ull.es\/hemeroteca\/2015\/05\/27\/se-amplia-el-plazo-de-inscripcion-para-el-campus-de-la-ciencia-y-la-tecnologia-de-la-universidad-de-la-laguna\/","title":{"rendered":"Se ampl\u00eda el plazo de inscripci\u00f3n para el &#039;Campus de la Ciencia y la Tecnolog\u00eda&#039; de la Universidad de La Laguna"},"content":{"rendered":"<h1>Se ampl\u00eda el plazo de inscripci\u00f3n para el &#8216;Campus de la Ciencia y la Tecnolog\u00eda&#8217; de la Universidad de La Laguna<\/h1>\n<p>&nbsp;<\/p>\n<h4>La inscripci\u00f3n se podr\u00e1 realizar hasta el pr\u00f3ximo 7 de junio. El objetivo de esta actividad, que celebra este a\u00f1o su segunda edici\u00f3n, es fomentar el inter\u00e9s por la investigaci\u00f3n cient\u00edfica entre la comunidad de j\u00f3venes canarios. La inscripci\u00f3n se podr\u00e1 realizar a trav\u00e9s de la p\u00e1gina web de la Unidad de Cultura Cient\u00edfica y de la Innovaci\u00f3n, Cienci@ULL.<\/h4>\n<p>&nbsp;<br \/>\nEl periodo de inscripci\u00f3n para el \u2018II Campus de la Ciencia y la Tecnolog\u00eda\u2019 se ha ampliado hasta el domingo 7 de junio. Esta actividad, organizada por la Universidad de La Laguna a trav\u00e9s de su Unidad de Cultura Cient\u00edfica y de la Innovaci\u00f3n, Cienci@ULL, tiene como objetivo \u00a0fomentar el inter\u00e9s por la investigaci\u00f3n cient\u00edfica entre la comunidad de j\u00f3venes canarios de 3\u00ba y 4\u00ba de ESO y 1\u00ba de Bachillerato. A pesar de que el plazo de inscripci\u00f3n permanecer\u00e1 abierto hasta el 7 de junio, se recomienda al alumnado\u00a0 interesado en inscribirse que no presente su solicitud en el \u00faltimo momento, ya que el proceso requiere preparar documentaci\u00f3n con bastante anterioridad.<br \/>\nEl alumnado seleccionado disfrutar\u00e1 de dos semanas durante las que conocer\u00e1 la investigaci\u00f3n que se hace en la Universidad de primera mano e, incluso, llevar\u00e1 a cabo su propia investigaci\u00f3n. Para esta segunda edici\u00f3n se han organizado dos versiones del Campus: una para estudiantes que ya participaron en el a\u00f1o anterior bajo el nombre \u201cRetos Cient\u00edficos\u201d y que tendr\u00e1 como objetivo ofrecer una informaci\u00f3n ampliada y m\u00e1s profunda a partir de los conocimientos que ya adquirieron. Y otra dirigida a j\u00f3venes que deseen participar por primera vez.<br \/>\nEn esta edici\u00f3n habr\u00e1 dos modalidades. Una de ellas es la de \u2018Proyectos de I+D\u2019, en la que 105 alumnos y alumnas de 3\u00ba y 4\u00ba de ESO desarrollar\u00e1n una investigaci\u00f3n con la ayuda y supervisi\u00f3n de investigadores e investigadoras de la ULL. Los asistentes participar\u00e1n en uno de los cinco ejes que se ofrecen: Biomedicina y Salud, Energ\u00eda, Biodiversidad y Medioambiente, TIC y Computaci\u00f3n, Estad\u00edstica y Matem\u00e1ticas y Ciencia y Sociedad.<br \/>\nEn cada uno de estos ejes, la actividad central ser\u00e1 el desarrollo de una investigaci\u00f3n. Tambi\u00e9n contar\u00e1n con formaci\u00f3n adicional de perfeccionamiento en idiomas, habilidades para comunicarse en p\u00fablico y el uso de las TICs para comunicar los resultados de la investigaci\u00f3n.<br \/>\nLa otra modalidad ser\u00e1 la de \u2018Retos cient\u00edficos\u2019, en la que veinte de los participantes de la edici\u00f3n anterior del Campus, podr\u00e1n retomar la experiencia para aplicar lo que ya aprendieron en la resoluci\u00f3n de cuatro retos que tendr\u00e1n que resolver trabajando en equipo.<br \/>\n\u00c9stos se complementar\u00e1n con una serie de charlas impartidas por los investigadores e investigadoras en las que los chicos y chicas ampliar\u00e1n sus conocimientos sobre c\u00f3mo desarrollar una investigaci\u00f3n.<br \/>\n<a href=\"http:\/\/ciencia.fg.ull.es\/actividades\/campus-cientifico\/\">(M\u00e1s informaci\u00f3n e inscripci\u00f3n aqu\u00ed)<\/a><br \/>\n<a href=\"http:\/\/crowdants.com\/project\/campus-de-la-ciencia-y-la-tecnologa-de-la-ull\/index?id=8500\">(Accede a la campa\u00f1a de crowdfunding aqu\u00ed)<\/a><\/p>\n","protected":false},"excerpt":{"rendered":"<p>La inscripci\u00f3n se podr\u00e1 realizar hasta el pr\u00f3ximo 7 de junio. El objetivo de esta actividad, que celebra este a\u00f1o su segunda edici\u00f3n, es fomentar el inter\u00e9s por la investigaci\u00f3n cient\u00edfica entre la comunidad de j\u00f3venes canarios. La inscripci\u00f3n se podr\u00e1 realizar a trav\u00e9s de la p\u00e1gina web de la Unidad de Cultura Cient\u00edfica y de la Innovaci\u00f3n, Cienci@ULL.<\/p>\n","protected":false},"author":1,"featured_media":18941,"comment_status":"closed","ping_status":"closed","sticky":false,"template":"","format":"standard","meta":{"footnotes":""},"categories":[8],"tags":[173,672,821,862,1353,1424],"featured_image_thumbnail_url":"https:\/\/fg.ull.es\/hemeroteca\/wp-content\/uploads\/sites\/14\/2015\/07\/banners_campus_1600x600px_ni\u00f1os-300x113.jpg","_links":{"self":[{"href":"https:\/\/fg.ull.es\/hemeroteca\/wp-json\/wp\/v2\/posts\/18940"}],"collection":[{"href":"https:\/\/fg.ull.es\/hemeroteca\/wp-json\/wp\/v2\/posts"}],"about":[{"href":"https:\/\/fg.ull.es\/hemeroteca\/wp-json\/wp\/v2\/types\/post"}],"author":[{"embeddable":true,"href":"https:\/\/fg.ull.es\/hemeroteca\/wp-json\/wp\/v2\/users\/1"}],"replies":[{"embeddable":true,"href":"https:\/\/fg.ull.es\/hemeroteca\/wp-json\/wp\/v2\/comments?post=18940"}],"version-history":[{"count":0,"href":"https:\/\/fg.ull.es\/hemeroteca\/wp-json\/wp\/v2\/posts\/18940\/revisions"}],"wp:featuredmedia":[{"embeddable":true,"href":"https:\/\/fg.ull.es\/hemeroteca\/wp-json\/wp\/v2\/media\/18941"}],"wp:attachment":[{"href":"https:\/\/fg.ull.es\/hemeroteca\/wp-json\/wp\/v2\/media?parent=18940"}],"wp:term":[{"taxonomy":"category","embeddable":true,"href":"https:\/\/fg.ull.es\/hemeroteca\/wp-json\/wp\/v2\/categories?post=18940"},{"taxonomy":"post_tag","embeddable":true,"href":"https:\/\/fg.ull.es\/hemeroteca\/wp-json\/wp\/v2\/tags?post=18940"}],"curies":[{"name":"wp","href":"https:\/\/api.w.org\/{rel}","templated":true}]}}