{"id":18937,"date":"2015-05-27T10:09:51","date_gmt":"2015-05-27T09:09:51","guid":{"rendered":"http:\/\/www.fg.ull.es\/?p=18937"},"modified":"2015-05-27T10:09:51","modified_gmt":"2015-05-27T09:09:51","slug":"un-curso-profundizara-en-la-cartografia-medieval-y-renacentista-de-las-islas-afortunadas","status":"publish","type":"post","link":"https:\/\/fg.ull.es\/hemeroteca\/2015\/05\/27\/un-curso-profundizara-en-la-cartografia-medieval-y-renacentista-de-las-islas-afortunadas\/","title":{"rendered":"Un curso profundizar\u00e1 en la cartograf\u00eda medieval y renacentista de las Islas Afortunadas"},"content":{"rendered":"<h1>Un curso profundizar\u00e1 en la cartograf\u00eda medieval y renacentista de las Islas Afortunadas<\/h1>\n<p>&nbsp;<\/p>\n<h4>Esta actividad formativa se denomina \u2018Las Islas Afortunadas en la Cartograf\u00eda Medieval y Renacentista\u2019 y se desarrollar\u00e1 del 22 al 26 de junio de 16 a 20 horas en el aula 3 de la Fundaci\u00f3n General de la ULL. Estar\u00e1 impartida por Juan Octavio Hern\u00e1ndez Cabrera, profesor de la Universidad de La Laguna y director del Sal\u00f3n Geogr\u00e1fico de Canarias.<\/h4>\n<p>&nbsp;<br \/>\nEl pr\u00f3ximo 22 de junio comenzar\u00e1 a impartirse un curso que abordar\u00e1 la cartograf\u00eda medieval y renacentista de las Islas Afortunadas. Esta acci\u00f3n formativa se desarrollar\u00e1 hasta el 26 de junio en horario de 16 a 20 horas en el aula 3 de la Fundaci\u00f3n General de la Universidad de La Laguna. Constar\u00e1 de 20 horas de formaci\u00f3n presencial y estar\u00e1 impartido por Juan Octavio Hern\u00e1ndez Cabrera, profesor de la ULL y director del Sal\u00f3n Geogr\u00e1fico de Canarias.<br \/>\nEste curso se ha denominado \u2018Las Islas Afortunadas en la Cartograf\u00eda Medieval y Renacentista\u2019 y tiene como objetivo principal el dar a conocer la evoluci\u00f3n del concepto de Islas Afortunadas desde la \u00c9poca Cl\u00e1sica. Tambi\u00e9n se pretende separar el mito de la realidad en los textos greco-romanos; estudiar las representaciones de Islas Afortunadas en los mapamundis medievales; interpretar las representaciones de Canarias, Madeira y Azores desde el siglo XIV y su relaci\u00f3n paleogr\u00e1fica con los mapamundis anteriores y analizar el impacto del estudio de las cartas portolanas en la historia del descubrimiento de las islas atl\u00e1nticas tal y como se conoc\u00eda hasta ahora. Adem\u00e1s, se dar\u00e1 a conocer la figura del cart\u00f3grafo, sus instrumentos, t\u00e9cnicas, fuentes y sus talleres, as\u00ed como las fuentes \u00e1rabo-bereberes sobre las islas y su impacto en la historia del poblamiento ind\u00edgena de Canarias.<br \/>\nEsta actividad formativa incluir\u00e1 tambi\u00e9n una visita el 26 de junio al Sal\u00f3n Geogr\u00e1fico de Canarias en Icod de Los Vinos. El precio del curso es de 100 euros para el p\u00fablico en general y de 90 euros para el alumnado ULL, demandantes de empleo y fidelizaci\u00f3n. La inscripci\u00f3n se podr\u00e1 realizar hasta el 18 de junio a trav\u00e9s de la sede electr\u00f3nica de la Fundaci\u00f3n General de la ULL.<br \/>\n<a href=\"https:\/\/sede.fg.ull.es\/es\/curso\/detalle\/a15030292\/las-islas-afortunadas-en-la-cartografia-medieval-y-renacentista\">(M\u00e1s informaci\u00f3n e inscripci\u00f3n aqu\u00ed<\/a><\/p>\n","protected":false},"excerpt":{"rendered":"<p>Esta actividad formativa se denomina \u2018Las Islas Afortunadas en la Cartograf\u00eda Medieval y Renacentista\u2019 y se desarrollar\u00e1 del 22 al 26 de junio de 16 a 20 horas en el aula 3 de la Fundaci\u00f3n General de la ULL. Estar\u00e1 impartida por Juan Octavio Hern\u00e1ndez Cabrera, profesor de la Universidad de La Laguna y director del Sal\u00f3n Geogr\u00e1fico de Canarias.<\/p>\n","protected":false},"author":1,"featured_media":18938,"comment_status":"closed","ping_status":"closed","sticky":false,"template":"","format":"standard","meta":{"footnotes":""},"categories":[5],"tags":[173,425,672,1353,1424],"featured_image_thumbnail_url":"https:\/\/fg.ull.es\/hemeroteca\/wp-content\/uploads\/sites\/14\/2015\/07\/cartel_A3-212x300.jpg","_links":{"self":[{"href":"https:\/\/fg.ull.es\/hemeroteca\/wp-json\/wp\/v2\/posts\/18937"}],"collection":[{"href":"https:\/\/fg.ull.es\/hemeroteca\/wp-json\/wp\/v2\/posts"}],"about":[{"href":"https:\/\/fg.ull.es\/hemeroteca\/wp-json\/wp\/v2\/types\/post"}],"author":[{"embeddable":true,"href":"https:\/\/fg.ull.es\/hemeroteca\/wp-json\/wp\/v2\/users\/1"}],"replies":[{"embeddable":true,"href":"https:\/\/fg.ull.es\/hemeroteca\/wp-json\/wp\/v2\/comments?post=18937"}],"version-history":[{"count":0,"href":"https:\/\/fg.ull.es\/hemeroteca\/wp-json\/wp\/v2\/posts\/18937\/revisions"}],"wp:featuredmedia":[{"embeddable":true,"href":"https:\/\/fg.ull.es\/hemeroteca\/wp-json\/wp\/v2\/media\/18938"}],"wp:attachment":[{"href":"https:\/\/fg.ull.es\/hemeroteca\/wp-json\/wp\/v2\/media?parent=18937"}],"wp:term":[{"taxonomy":"category","embeddable":true,"href":"https:\/\/fg.ull.es\/hemeroteca\/wp-json\/wp\/v2\/categories?post=18937"},{"taxonomy":"post_tag","embeddable":true,"href":"https:\/\/fg.ull.es\/hemeroteca\/wp-json\/wp\/v2\/tags?post=18937"}],"curies":[{"name":"wp","href":"https:\/\/api.w.org\/{rel}","templated":true}]}}