{"id":18932,"date":"2015-05-27T10:07:51","date_gmt":"2015-05-27T09:07:51","guid":{"rendered":"http:\/\/www.fg.ull.es\/?p=18932"},"modified":"2015-05-27T10:07:51","modified_gmt":"2015-05-27T09:07:51","slug":"la-proxima-pildora-formativa-de-emprende-isora-estara-dedicada-al-email-marketing","status":"publish","type":"post","link":"https:\/\/fg.ull.es\/hemeroteca\/2015\/05\/27\/la-proxima-pildora-formativa-de-emprende-isora-estara-dedicada-al-email-marketing\/","title":{"rendered":"La pr\u00f3xima p\u00edldora formativa de Emprende.Isora estar\u00e1 dedicada al email marketing"},"content":{"rendered":"<h1>La pr\u00f3xima p\u00edldora formativa de Emprende.Isora estar\u00e1 dedicada al email marketing<\/h1>\n<p>&nbsp;<\/p>\n<h4>Se celebrar\u00e1 el pr\u00f3ximo mi\u00e9rcoles 17 de junio en el Centro de Empresas de Gu\u00eda de Isora de 17 a 20 horas y es de car\u00e1cter gratuito. En ella se tratar\u00e1 el tema del email marketing como una herramienta de captaci\u00f3n de nuevos clientes. La inscripci\u00f3n se podr\u00e1 realizar hasta el mismo d\u00eda 17 a trav\u00e9s de la sede electr\u00f3nica de la Fundaci\u00f3n General de la ULL.<\/h4>\n<p>&nbsp;<br \/>\nLas p\u00edldoras formativas del proyecto Emprende.Isora continuar\u00e1n el pr\u00f3ximo 17 de junio con una sesi\u00f3n denominada \u201cMarketing con Mailchimp\u201d, que estar\u00e1 dedicada al email marketing. Se impartir\u00e1 de 17 a 20 horas en el Centro de Empresas de Gu\u00eda de Isora. Esta segunda p\u00edldora es, tambi\u00e9n, de car\u00e1cter gratuito y se desarrollar\u00e1 de una manera eminentemente pr\u00e1ctica. Est\u00e1 dirigida a todas aquellas personas con motivaci\u00f3n emprendedora o que simplemente quieran conocer m\u00e1s el uso del email como herramienta de marketing.<br \/>\nEl encargado de impartirla ser\u00e1 Carlos Jonay Su\u00e1rez Su\u00e1rez, que proporcionar\u00e1 a los\/as emprendedores\/as en potencia las competencias y herramientas necesarias para el desarrollo de campa\u00f1as de mailing con el programa MailChimp.<br \/>\nDe esta manera, a trav\u00e9s de la sesi\u00f3n formativa se pretende explicar c\u00f3mo el email marketing se ha convertido en una herramienta potente y directa de captaci\u00f3n de clientes. Dentro del mundo del \u2018mailing\u2019 destaca la herramienta MailChimp, por lo que se tratar\u00e1 de dar a conocer su funcionamiento a las personas asistentes para que puedan desarrollar campa\u00f1as de eamil marketing con una estructura adecuada.<br \/>\nLa inscripci\u00f3n permanecer\u00e1 abierta hasta el mismo d\u00eda 17 de junio a las doce de la ma\u00f1ana y se podr\u00e1 realizar a trav\u00e9s de la sede electr\u00f3nica de la Fundaci\u00f3n General de la ULL.<br \/>\n<a href=\"https:\/\/sede.fg.ull.es\/es\/emprendimiento\/detalle\/a15230290\/pildora-formativa-marketing-con-mailchimp-emprende-isora\">(M\u00e1s informaci\u00f3n e inscripci\u00f3n aqu\u00ed)<\/a><\/p>\n","protected":false},"excerpt":{"rendered":"<p>Se celebrar\u00e1 el pr\u00f3ximo mi\u00e9rcoles 17 de junio en el Centro de Empresas de Gu\u00eda de Isora de 17 a 20 horas y es de car\u00e1cter gratuito. En ella se tratar\u00e1 el tema del email marketing como una herramienta de captaci\u00f3n de nuevos clientes. La inscripci\u00f3n se podr\u00e1 realizar hasta el mismo d\u00eda 17 a trav\u00e9s de la sede electr\u00f3nica de la Fundaci\u00f3n General de la ULL.<\/p>\n","protected":false},"author":1,"featured_media":18935,"comment_status":"closed","ping_status":"closed","sticky":false,"template":"","format":"standard","meta":{"footnotes":""},"categories":[3],"tags":[173,533,541,672,1353,1424],"featured_image_thumbnail_url":"https:\/\/fg.ull.es\/hemeroteca\/wp-content\/uploads\/sites\/14\/2015\/07\/pantalla_1280x720px2-300x169.jpg","_links":{"self":[{"href":"https:\/\/fg.ull.es\/hemeroteca\/wp-json\/wp\/v2\/posts\/18932"}],"collection":[{"href":"https:\/\/fg.ull.es\/hemeroteca\/wp-json\/wp\/v2\/posts"}],"about":[{"href":"https:\/\/fg.ull.es\/hemeroteca\/wp-json\/wp\/v2\/types\/post"}],"author":[{"embeddable":true,"href":"https:\/\/fg.ull.es\/hemeroteca\/wp-json\/wp\/v2\/users\/1"}],"replies":[{"embeddable":true,"href":"https:\/\/fg.ull.es\/hemeroteca\/wp-json\/wp\/v2\/comments?post=18932"}],"version-history":[{"count":0,"href":"https:\/\/fg.ull.es\/hemeroteca\/wp-json\/wp\/v2\/posts\/18932\/revisions"}],"wp:featuredmedia":[{"embeddable":true,"href":"https:\/\/fg.ull.es\/hemeroteca\/wp-json\/wp\/v2\/media\/18935"}],"wp:attachment":[{"href":"https:\/\/fg.ull.es\/hemeroteca\/wp-json\/wp\/v2\/media?parent=18932"}],"wp:term":[{"taxonomy":"category","embeddable":true,"href":"https:\/\/fg.ull.es\/hemeroteca\/wp-json\/wp\/v2\/categories?post=18932"},{"taxonomy":"post_tag","embeddable":true,"href":"https:\/\/fg.ull.es\/hemeroteca\/wp-json\/wp\/v2\/tags?post=18932"}],"curies":[{"name":"wp","href":"https:\/\/api.w.org\/{rel}","templated":true}]}}