{"id":18913,"date":"2015-05-26T09:44:29","date_gmt":"2015-05-26T08:44:29","guid":{"rendered":"http:\/\/www.fg.ull.es\/?p=18913"},"modified":"2015-05-26T09:44:29","modified_gmt":"2015-05-26T08:44:29","slug":"tf-invierte-selecciona-seis-proyectos-emprendedores-para-presentarse-ante-inversores-el-proximo-4-de-junio","status":"publish","type":"post","link":"https:\/\/fg.ull.es\/hemeroteca\/2015\/05\/26\/tf-invierte-selecciona-seis-proyectos-emprendedores-para-presentarse-ante-inversores-el-proximo-4-de-junio\/","title":{"rendered":"TF INvierte selecciona seis proyectos emprendedores para presentarse ante inversores el pr\u00f3ximo 4 de junio"},"content":{"rendered":"<h1>TF INvierte selecciona seis proyectos emprendedores para presentarse ante inversores el pr\u00f3ximo 4 de junio<\/h1>\n<p>&nbsp;<\/p>\n<h4>Seis proyectos emprendedores han sido seleccionados por el jurado de la VI edici\u00f3n del programa TF INvierte con el objetivo de participar -el pr\u00f3ximo 4 de junio- en<b> <\/b>la jornada \u2018Demo Day\u2019 donde podr\u00e1n defender sus ideas empresariales ante posibles inversores. Las empresas de base tecnol\u00f3gica que participar\u00e1n son Abilis Tech, Bravo For me!, Smart Chargers Network, AudioCarGuide y Hobby Red, adem\u00e1s del caso de \u00e9xito Promineo Studios.<b><br \/>\n<\/b><\/h4>\n<p>&nbsp;<br \/>\nSeis proyectos emprendedores han sido seleccionados por el jurado de la VI edici\u00f3n del programa TFINvierte con el objetivo de participar -el pr\u00f3ximo 4 de junio- en<b> <\/b>la jornada \u2018Demo Day\u2019 donde podr\u00e1n defender sus ideas empresariales ante posibles inversores.<br \/>\nEsta edici\u00f3n de TFINvierte cuenta con 12 proyectos que ser\u00e1n asesorados por el Cabildo de Tenerife a trav\u00e9s de los t\u00e9cnicos del Parque Cient\u00edfico y Tecnol\u00f3gico de Tenerife (PCTT) hasta el pr\u00f3ximo mes de junio. Todos ellos han recibido una formaci\u00f3n inicial pero, al mismo tiempo, cada uno de los proyectos es asesorado de forma individualizada en funci\u00f3n de su maduraci\u00f3n empresarial. De los doce proyectos que se presentaron hoy ante el jurado, seis de ellos pasar\u00e1n a un programa formativo m\u00e1s espec\u00edfico para enfrentarse a la consecuci\u00f3n de inversi\u00f3n real al tratarse de proyectos en una fase m\u00e1s madura y defenderla ante inversores reales en el encuentro Demo Day. El resto, seguir\u00e1n el proceso para lograr consolidar su idea de negocio o pivotarla.<br \/>\nLas empresas que obtienen plaza para el Demo Day son: Abilis Tech, una soluci\u00f3n para convertir telefon\u00eda tradicional en telefon\u00eda por internet de forma sencilla y con ahorro significativo de los costes; Bravo for me!, una aplicaci\u00f3n para convertir los logros deportivos en insignias que puedan exhibirse en el Curriculum Vitae y en LinkedIn; Smart Chargers Network, una red de cargadores de telefon\u00eda m\u00f3vil; AudioCarGuide, una aplicaci\u00f3n de gu\u00edas para visitantes que hacen turismo en coche; Hobby Red, una aplicaci\u00f3n que pone en contacto a aficionados a los juegos off y on-line que necesiten compa\u00f1eros; y Moovit.me, una red social basada en retos y eventos.<br \/>\nEl jurado ha estado compuesto por Carmen Sosa (presidenta del jurado), Eva Sainero, David Curbelo, Ra\u00fal Mediavilla y Coqui Garc\u00eda (secretaria del jurado).<br \/>\nTFINvierte destaca un proyecto especialmente que se encuentra ya maduro y en una fase superior al resto. El videojuego que presenta Promineo Studio que ya logr\u00f3 el a\u00f1o pasado una financiaci\u00f3n internacional de 250.000 euros y que se ha lanzado en 11 pa\u00edses. En este caso, Promineo busca incorporarse a una segunda ronda de inversi\u00f3n con el objetivo de lograr financiaci\u00f3n para la distribuci\u00f3n de su videojuego casual. En este caso, el propio CEO de Promineo, Isidro Quintana, ha incorporado valor a la presente edici\u00f3n, compartiendo su larga experiencia al dirigir una empresa consolidada y tener experiencia internacional en rondas de inversiones. Por este motivo, el jurado estableci\u00f3 concederle una plaza para presentarse en el Demo Day donde se presentar\u00e1 \u201ccomo caso de \u00e9xito y referente por su constancia, esfuerzo y por su brillante trayectoria\u201d.<br \/>\nTF INvierte tiene como principal objetivo preparar startups, ayud\u00e1ndolas a desarrollarse y conseguir financiaci\u00f3n a trav\u00e9s de los foros de inversi\u00f3n organizados por el PCTT o a trav\u00e9s de otras redes de inversores, y paralelamente, promover la red de inversores Club TFINvierte, proporcionando a sus participantes servicios de formaci\u00f3n avanzada como business angels y present\u00e1ndoles startups en las primeras rondas de inversi\u00f3n.<br \/>\n<a title=\"Programa preparaci\u00f3n\" href=\"http:\/\/www.pctt.es\/tfinvierte\/programa-preparacion\/\"><b>El VI Programa de Preparaci\u00f3n TF INvierte<\/b><\/a> (actualmente en ejecuci\u00f3n) se ha dise\u00f1ado con la analog\u00eda de un vuelo, de tal forma que el equipo del PCTT que realiza el programa es la Tripulaci\u00f3n del vuelo, los emprendedores (promotores de las startups) son los pasajeros, y que el objetivo del programa es ayudar a las startups a despegar y alcanzar el \u00e9xito. El programa de preparaci\u00f3n se compone de unos servicios a bordo -formaci\u00f3n que reciben los promotores \u2013 y unas sesiones de orientaci\u00f3n de la ruta \u2013sesiones de tutorizaci\u00f3n con el personal t\u00e9cnico del PCTT y expertos con perfil inversor.<br \/>\nTFINvierte es un proyecto del Cabildo de Tenerife, a trav\u00e9s del Parque Cient\u00edfico y Tecnol\u00f3gico de Tenerife (PCTT) con la colaboraci\u00f3n de otras entidades y organismos de intermediaci\u00f3n regionales, entre las que se encuentra la Fundaci\u00f3n General Universidad de La Laguna o Sodecan. La VI edici\u00f3n de TF INvierte, un completo programa en el que se seleccionan y preparan a las mejores startups, es decir, proyectos empresariales escalables de base tecnol\u00f3gica o intensivos en conocimiento, y a las que se les acompa\u00f1a en el proceso de b\u00fasqueda de inversores. Este programa se ha convertido en referencia a nivel regional para aquellos emprendedores que deseen madurar sus proyectos empresariales y buscar inversores de capital riesgo.<br \/>\n*Nota de prensa y fotograf\u00edas cedidas<\/p>\n","protected":false},"excerpt":{"rendered":"<p>Seis proyectos emprendedores han sido seleccionados por el jurado de la VI edici\u00f3n del programa TF INvierte con el objetivo de participar -el pr\u00f3ximo 4 de junio- en la jornada \u2018Demo Day\u2019 donde podr\u00e1n defender sus ideas empresariales ante posibles inversores. Las empresas de base tecnol\u00f3gica que participar\u00e1n son Abilis Tech, Bravo For me!, Smart Chargers Network, AudioCarGuide y Hobby Red, adem\u00e1s del caso de \u00e9xito Promineo Studios.<\/p>\n","protected":false},"author":1,"featured_media":18914,"comment_status":"closed","ping_status":"closed","sticky":false,"template":"","format":"standard","meta":{"footnotes":""},"categories":[8],"tags":[173,533,541,548,821,1353],"featured_image_thumbnail_url":"https:\/\/fg.ull.es\/hemeroteca\/wp-content\/uploads\/sites\/14\/2015\/07\/las_empresas_participantes_en_el_demo_day_de_tf_inviertejpg-300x200.jpg","_links":{"self":[{"href":"https:\/\/fg.ull.es\/hemeroteca\/wp-json\/wp\/v2\/posts\/18913"}],"collection":[{"href":"https:\/\/fg.ull.es\/hemeroteca\/wp-json\/wp\/v2\/posts"}],"about":[{"href":"https:\/\/fg.ull.es\/hemeroteca\/wp-json\/wp\/v2\/types\/post"}],"author":[{"embeddable":true,"href":"https:\/\/fg.ull.es\/hemeroteca\/wp-json\/wp\/v2\/users\/1"}],"replies":[{"embeddable":true,"href":"https:\/\/fg.ull.es\/hemeroteca\/wp-json\/wp\/v2\/comments?post=18913"}],"version-history":[{"count":0,"href":"https:\/\/fg.ull.es\/hemeroteca\/wp-json\/wp\/v2\/posts\/18913\/revisions"}],"wp:featuredmedia":[{"embeddable":true,"href":"https:\/\/fg.ull.es\/hemeroteca\/wp-json\/wp\/v2\/media\/18914"}],"wp:attachment":[{"href":"https:\/\/fg.ull.es\/hemeroteca\/wp-json\/wp\/v2\/media?parent=18913"}],"wp:term":[{"taxonomy":"category","embeddable":true,"href":"https:\/\/fg.ull.es\/hemeroteca\/wp-json\/wp\/v2\/categories?post=18913"},{"taxonomy":"post_tag","embeddable":true,"href":"https:\/\/fg.ull.es\/hemeroteca\/wp-json\/wp\/v2\/tags?post=18913"}],"curies":[{"name":"wp","href":"https:\/\/api.w.org\/{rel}","templated":true}]}}