{"id":18911,"date":"2015-05-26T09:42:53","date_gmt":"2015-05-26T08:42:53","guid":{"rendered":"http:\/\/www.fg.ull.es\/?p=18911"},"modified":"2015-05-26T09:42:53","modified_gmt":"2015-05-26T08:42:53","slug":"ultimo-dia-para-inscribirse-en-el-programa-launchtf-para-startups-de-base-tecnologica","status":"publish","type":"post","link":"https:\/\/fg.ull.es\/hemeroteca\/2015\/05\/26\/ultimo-dia-para-inscribirse-en-el-programa-launchtf-para-startups-de-base-tecnologica\/","title":{"rendered":"\u00daltimo d\u00eda para inscribirse en el programa `launchTF\u00b4 para startups de base tecnol\u00f3gica"},"content":{"rendered":"<h1>\u00daltimo d\u00eda para inscribirse en el programa `launchTF\u00b4 para startups de base tecnol\u00f3gica<\/h1>\n<p>&nbsp;<\/p>\n<h4>El plazo de recepci\u00f3n de proyectos se cierra hoy [26 de mayo] a las 14 horas. Los participantes seleccionados recibir\u00e1n asesoramiento de parte de mentores especializados y formaci\u00f3n espec\u00edfica para conseguir proyecci\u00f3n para sus ideas de negocio.<\/h4>\n<p>&nbsp;<br \/>\nHoy concluye el plazo de recepci\u00f3n de proyectos para el programa <a href=\"http:\/\/fg.ull.es\/launchtf\/\">`launchTF\u00b4<\/a>. Las personas con una idea de negocio TIC o de base tecnol\u00f3gica pueden inscribirse en el programa hasta las <b>14 horas<\/b>.<br \/>\n`launchTF\u00b4 se divide en dos partes: pre-aceleraci\u00f3n y consolidaci\u00f3n. En la primera fase los participantes contar\u00e1n con formaci\u00f3n especializada, talleres y apoyo de mentores expertos, que les proporcionar\u00e1n las claves para desarrollar la idea de negocio e incrementar las posibilidades de \u00e9xito al solicitar una plaza en una aceleradora de prestigio. Se desarrollar\u00e1 entre los meses de junio y julio y la <b>inscripci\u00f3n se puede formalizar<\/b> a trav\u00e9s de la web <a href=\"http:\/\/fg.ull.es\/launchtf\/\">www.fg.ull.es\/launchtf.<\/a><br \/>\nEste programa trabajar\u00e1 de forma individualizada con cada participante sobre la construcci\u00f3n del modelo de negocio, su validaci\u00f3n en entornos reales y la construcci\u00f3n de un MVP o prototipo funcional. Los proyectos participantes deben ser globales, escalables, innovadores y resolver un problema en particular. Los equipos deben contar con un m\u00ednimo de dos personas, una de ellas con dedicaci\u00f3n exclusiva y al menos una con perfil t\u00e9cnico, aunque para aquellos proyectos formados por un solo componente, se intentar\u00e1 completar el equipo con los perfiles necesarios.<br \/>\nActualmente se est\u00e1 cerrando una amplia red de colaboradores y mentores entre los que ya se encuentran expertos en <i>startups<\/i> del \u00e1mbito local, nacional e internacional como Rafa Torres, David Mac\u00edas, Igor Modino, Tim Delhaes, Arturo Calvo o Guillermo Marqueta-Siibert. Tambi\u00e9n se han sumado Pedro Bisbal, emprendedor y creador de Big Ban Angels; Jordi Pedrol, director financiero de startups como ForceManager o Medtep; Lavin Luis, CEO de Beezzing, una plataforma de env\u00edo masivo de mensajes a trav\u00e9s de aplicaciones de mensajer\u00eda instant\u00e1nea; y Miguel de Vega Rodrigo, doctor en Telecomunicaciones por la Universidad Libre de Bruselas y co-fundador de Dialective, una empresa que acerca el marketing digital a las PYMEs.<br \/>\nEn cuanto a organizaciones, ya est\u00e1 confirmada la presencia de Conector Startup Accelerator, una aceleradora de proyectos digitales de gran prestigio dentro del ecosistema de startups nacional; Sendgrid, plataforma internacional de env\u00edo masivo de emails que cuenta con clientes como Spotify, foursquare o airbnb; Crowdcube, mejor plataforma de crowdfunding de Europa en 2014 y M&amp;Partners, firma de abogados especializados en startups de negocios digitales, son otros de los colaboradores con los que cuenta este programa.<br \/>\n&nbsp;<\/p>\n","protected":false},"excerpt":{"rendered":"<p>El plazo de recepci\u00f3n de proyectos se cierra hoy [26 de mayo] a las 14 horas. Los participantes seleccionados recibir\u00e1n asesoramiento de parte de mentores especializados y formaci\u00f3n espec\u00edfica para conseguir proyecci\u00f3n para sus ideas de negocio.<\/p>\n","protected":false},"author":1,"featured_media":17873,"comment_status":"closed","ping_status":"closed","sticky":false,"template":"","format":"standard","meta":{"footnotes":""},"categories":[8],"tags":[173,548,672,821,1353,1424],"featured_image_thumbnail_url":"https:\/\/fg.ull.es\/hemeroteca\/wp-content\/uploads\/sites\/14\/2015\/06\/pantalla_1280x720px3-300x169.jpg","_links":{"self":[{"href":"https:\/\/fg.ull.es\/hemeroteca\/wp-json\/wp\/v2\/posts\/18911"}],"collection":[{"href":"https:\/\/fg.ull.es\/hemeroteca\/wp-json\/wp\/v2\/posts"}],"about":[{"href":"https:\/\/fg.ull.es\/hemeroteca\/wp-json\/wp\/v2\/types\/post"}],"author":[{"embeddable":true,"href":"https:\/\/fg.ull.es\/hemeroteca\/wp-json\/wp\/v2\/users\/1"}],"replies":[{"embeddable":true,"href":"https:\/\/fg.ull.es\/hemeroteca\/wp-json\/wp\/v2\/comments?post=18911"}],"version-history":[{"count":0,"href":"https:\/\/fg.ull.es\/hemeroteca\/wp-json\/wp\/v2\/posts\/18911\/revisions"}],"wp:featuredmedia":[{"embeddable":true,"href":"https:\/\/fg.ull.es\/hemeroteca\/wp-json\/wp\/v2\/media\/17873"}],"wp:attachment":[{"href":"https:\/\/fg.ull.es\/hemeroteca\/wp-json\/wp\/v2\/media?parent=18911"}],"wp:term":[{"taxonomy":"category","embeddable":true,"href":"https:\/\/fg.ull.es\/hemeroteca\/wp-json\/wp\/v2\/categories?post=18911"},{"taxonomy":"post_tag","embeddable":true,"href":"https:\/\/fg.ull.es\/hemeroteca\/wp-json\/wp\/v2\/tags?post=18911"}],"curies":[{"name":"wp","href":"https:\/\/api.w.org\/{rel}","templated":true}]}}