{"id":18905,"date":"2015-05-26T09:37:19","date_gmt":"2015-05-26T08:37:19","guid":{"rendered":"http:\/\/www.fg.ull.es\/?p=18905"},"modified":"2015-05-26T09:37:19","modified_gmt":"2015-05-26T08:37:19","slug":"los-participantes-de-barrios-por-el-empleo-juntos-mas-fuertes-del-municipio-de-fasnia-y-el-barrio-de-la-salud-inician-su-formacion-complementaria","status":"publish","type":"post","link":"https:\/\/fg.ull.es\/hemeroteca\/2015\/05\/26\/los-participantes-de-barrios-por-el-empleo-juntos-mas-fuertes-del-municipio-de-fasnia-y-el-barrio-de-la-salud-inician-su-formacion-complementaria\/","title":{"rendered":"Los participantes de Barrios por el Empleo: Juntos m\u00e1s Fuertes del municipio de Fasnia y el Barrio de La Salud inician su formaci\u00f3n complementaria"},"content":{"rendered":"<h1>Los participantes de Barrios por el Empleo: Juntos m\u00e1s Fuertes del municipio de Fasnia y el Barrio de La Salud inician su formaci\u00f3n complementaria<\/h1>\n<p>&nbsp;<\/p>\n<h4>Los grupos se forman en Competencias B\u00e1sicas para el Empleo a trav\u00e9s de din\u00e1micas y actividades participativas y deciden sobre la siguiente fase de formaci\u00f3n en Procesos de B\u00fasqueda Activa de Empleo.<\/h4>\n<p>&nbsp;<br \/>\nEl proyecto <i><a href=\"http:\/\/www.barriosporelempleo.org\/\">Barrios por el Empleo: Juntos m\u00e1s Fuertes<\/a> <\/i>contin\u00faa avanzando en su programaci\u00f3n de actividades en municipios y barrios de la Isla; el pasado 25 de mayo se desarrollaba una primera actividad formativa complementaria en Fasnia y el 21 de mayo en el barrio santacrucero de La Salud. El trabajo con estos grupos continuar\u00e1 hasta la mitad de junio para completar la formaci\u00f3n denominada `Competencias b\u00e1sicas y transversales para la mejora de la empleabilidad y la B\u00fasqueda Activa de Empleo\u00b4.<br \/>\nEn ambos casos la formaci\u00f3n inicial ya desarrollada se centraba en Competencias B\u00e1sicas para el Empleo y las personas participantes pudieron trabajar de manera conjunta en la planificaci\u00f3n de los talleres formativos y actividades que compondr\u00e1n el m\u00f3dulo de <i>Competencias para Procesos de B\u00fasqueda Activa de Empleo<\/i>. Concretamente los dos grupos debieron elegir de forma consensuada un total de 30 horas de aquellos talleres y\/o actividades que les resultaron de mayor inter\u00e9s y utilidad. Cada persona tendr\u00e1 que realizar un m\u00ednimo de 20 horas.<br \/>\nLa actividad desarrollada fue muy participativa y din\u00e1mica, adaptando los contenidos a los conocimientos de las personas participantes. En el Barrio de La Salud se cont\u00f3 con varios empresarios de la zona quienes compartieron su experiencia y animaron a los participantes. Igualmente, Wenceslao Fuentes, psic\u00f3logo del Grupo Shin\u00e9 intervino con una charla sobre motivaci\u00f3n y compromiso Laboral.<br \/>\nEl proyecto <a href=\"http:\/\/www.barriosporelempleo.org\/\">Barrios por el Empleo: Juntos m\u00e1s Fuertes <\/a>est\u00e1 gestionado por la Fundaci\u00f3n General de la ULL y financiado por el Cabildo de Tenerife en colaboraci\u00f3n con FIFEDE.<\/p>\n","protected":false},"excerpt":{"rendered":"<p>Los grupos se forman en Competencias B\u00e1sicas para el Empleo a trav\u00e9s de din\u00e1micas y actividades participativas y deciden sobre la siguiente fase de formaci\u00f3n en Procesos de B\u00fasqueda Activa de Empleo.<\/p>\n","protected":false},"author":1,"featured_media":18906,"comment_status":"closed","ping_status":"closed","sticky":false,"template":"","format":"standard","meta":{"footnotes":""},"categories":[3],"tags":[173,518,671,1353,1424],"featured_image_thumbnail_url":"https:\/\/fg.ull.es\/hemeroteca\/wp-content\/uploads\/sites\/14\/2015\/07\/un_instante_de_la_formacion_en_fasniajpg-300x225.jpg","_links":{"self":[{"href":"https:\/\/fg.ull.es\/hemeroteca\/wp-json\/wp\/v2\/posts\/18905"}],"collection":[{"href":"https:\/\/fg.ull.es\/hemeroteca\/wp-json\/wp\/v2\/posts"}],"about":[{"href":"https:\/\/fg.ull.es\/hemeroteca\/wp-json\/wp\/v2\/types\/post"}],"author":[{"embeddable":true,"href":"https:\/\/fg.ull.es\/hemeroteca\/wp-json\/wp\/v2\/users\/1"}],"replies":[{"embeddable":true,"href":"https:\/\/fg.ull.es\/hemeroteca\/wp-json\/wp\/v2\/comments?post=18905"}],"version-history":[{"count":0,"href":"https:\/\/fg.ull.es\/hemeroteca\/wp-json\/wp\/v2\/posts\/18905\/revisions"}],"wp:featuredmedia":[{"embeddable":true,"href":"https:\/\/fg.ull.es\/hemeroteca\/wp-json\/wp\/v2\/media\/18906"}],"wp:attachment":[{"href":"https:\/\/fg.ull.es\/hemeroteca\/wp-json\/wp\/v2\/media?parent=18905"}],"wp:term":[{"taxonomy":"category","embeddable":true,"href":"https:\/\/fg.ull.es\/hemeroteca\/wp-json\/wp\/v2\/categories?post=18905"},{"taxonomy":"post_tag","embeddable":true,"href":"https:\/\/fg.ull.es\/hemeroteca\/wp-json\/wp\/v2\/tags?post=18905"}],"curies":[{"name":"wp","href":"https:\/\/api.w.org\/{rel}","templated":true}]}}