{"id":18888,"date":"2015-05-25T09:27:05","date_gmt":"2015-05-25T08:27:05","guid":{"rendered":"http:\/\/www.fg.ull.es\/?p=18888"},"modified":"2015-05-25T09:27:05","modified_gmt":"2015-05-25T08:27:05","slug":"se-abre-el-plazo-de-preinscripcion-para-el-master-en-direccion-y-planificacion-del-turismo-de-la-universidad-de-la-laguna","status":"publish","type":"post","link":"https:\/\/fg.ull.es\/hemeroteca\/2015\/05\/25\/se-abre-el-plazo-de-preinscripcion-para-el-master-en-direccion-y-planificacion-del-turismo-de-la-universidad-de-la-laguna\/","title":{"rendered":"Se abre el plazo de preinscripci\u00f3n para el M\u00e1ster en Direcci\u00f3n y Planificaci\u00f3n del Turismo de la Universidad de La Laguna"},"content":{"rendered":"<h1>Se abre el plazo de preinscripci\u00f3n para el M\u00e1ster en Direcci\u00f3n y Planificaci\u00f3n del Turismo de la Universidad de La Laguna<\/h1>\n<p>&nbsp;<\/p>\n<h4>La solicitud de preinscripci\u00f3n se podr\u00e1 realizar a trav\u00e9s de la sede electr\u00f3nica de la ULL o presencialmente en el Negociado de Estudios de Posgrado hasta el 25 de agosto. Este M\u00e1ster ofrece la posibilidad de acceder a una formaci\u00f3n especializada, orientada a la actividad profesional y de investigaci\u00f3n en Turismo.<\/h4>\n<p>&nbsp;<br \/>\nEl plazo de preinscripci\u00f3n para el M\u00e1ster en Direcci\u00f3n y Planificaci\u00f3n del Turismo de la Universidad de La Laguna comenz\u00f3 el pasado 20 de mayo. As\u00ed, las personas interesadas en realizar la solicitud podr\u00e1n hacerlo hasta el 25 de agosto a trav\u00e9s de la <a href=\"https:\/\/sede.ull.es\/ecivilis-site\/catalog\/showProcedure\/234\">sede electr\u00f3nica de la ULL<\/a> o de manera presencial en el Negociado de Estudios de Posgrado, previa <a href=\"http:\/\/citaprevia.ull.es\/index.php?s=edpo\">solicitud de cita previa<\/a>. En el\u00a0 momento\u00a0 de\u00a0 presentar\u00a0 la\u00a0 solicitud \u00a0de\u00a0 preinscripci\u00f3n\u00a0 se\u00a0 aportar\u00e1\u00a0 copia\u00a0 digital\u00a0 de\u00a0 la documentaci\u00f3n requerida en formato pdf, si se opta por la preinscripci\u00f3n telem\u00e1tica, debiendo aportarse original y copia de la documentaci\u00f3n requerida, si esta se realiza presencialmente. La modalidad de preinscripci\u00f3n presencial se ver\u00e1 interrumpida por el cierre de la Instituci\u00f3n entre los d\u00edas 4 y 23 de agosto.<br \/>\nEl M\u00e1ster en Direcci\u00f3n y Planificaci\u00f3n del Turismo ofrece la posibilidad de acceder a una formaci\u00f3n especializada, orientada a la actividad profesional y de investigaci\u00f3n en Turismo. La obtenci\u00f3n del t\u00edtulo da acceso al programa de doctorado en Turismo. Se trata de un estudio de Posgrado de un curso de duraci\u00f3n que capacita al alumnado en la gesti\u00f3n y direcci\u00f3n de destinos y empresas tur\u00edsticas. Consta de 60 ECTS y se imparte en la Facultad de Econom\u00eda, Empresa y Turismo de la Universidad de La Laguna.<br \/>\nLa docencia es impartida por profesores de la ULL especializados en gran variedad de disciplinas. Durante el presente curso acad\u00e9mico, han impartido clases en este m\u00e1ster 26 profesores de la ULL. \u00a0Adem\u00e1s, esta formaci\u00f3n est\u00e1 apoyada por la presencia de profesionales y expertos del sector que transmitir\u00e1n su experiencia a los alumnos y futuros profesionales del turismo. Estos expertos externos proceden del \u00e1mbito\u00a0 de la empresa privada, de las instituciones p\u00fablicas o de la investigaci\u00f3n tur\u00edstica, tanto a nivel regional como nacional e internacional.<br \/>\nEl alumnado realiza un Trabajo Fin de M\u00e1ster tutorizado por un profesor de la ULL especializado en la tem\u00e1tica elegida por el interesado, que le permitir\u00e1 aplicar los conocimientos adquiridos durante el curso acad\u00e9mico. Adem\u00e1s, los mejores trabajos competir\u00e1n a nivel nacional para recibir la distinci\u00f3n de Mejor Trabajo Fin de M\u00e1ster de la Red de Estudios de Posgrado en Turismo, REDINTUR, y ser publicados en una revista cient\u00edfica de calado.<br \/>\nComo colof\u00f3n a esta formaci\u00f3n, los estudiantes realizan pr\u00e1cticas en empresas o instituciones tur\u00edsticas, para de esa manera acercarse a la profesi\u00f3n. El m\u00e1ster tiene convenio con numerosas empresas e instituciones donde los alumnos se inician en la planificaci\u00f3n, gesti\u00f3n o direcci\u00f3n del turismo.<br \/>\n<a href=\"http:\/\/www.ull.es\/view\/master\/direccionturismo\/Inicio\/es\">(M\u00e1s informaci\u00f3n aqu\u00ed)<\/a><\/p>\n","protected":false},"excerpt":{"rendered":"<p>La solicitud de preinscripci\u00f3n se podr\u00e1 realizar a trav\u00e9s de la sede electr\u00f3nica de la ULL o presencialmente en el Negociado de Estudios de Posgrado hasta el 25 de agosto. Este M\u00e1ster ofrece la posibilidad de acceder a una formaci\u00f3n especializada, orientada a la actividad profesional y de investigaci\u00f3n en Turismo.<\/p>\n","protected":false},"author":1,"featured_media":18892,"comment_status":"closed","ping_status":"closed","sticky":false,"template":"","format":"standard","meta":{"footnotes":""},"categories":[5],"tags":[173,672,1123,1353,1392,1424],"featured_image_thumbnail_url":"https:\/\/fg.ull.es\/hemeroteca\/wp-content\/uploads\/sites\/14\/2015\/07\/cartel_del_masterjpg-212x300.jpg","_links":{"self":[{"href":"https:\/\/fg.ull.es\/hemeroteca\/wp-json\/wp\/v2\/posts\/18888"}],"collection":[{"href":"https:\/\/fg.ull.es\/hemeroteca\/wp-json\/wp\/v2\/posts"}],"about":[{"href":"https:\/\/fg.ull.es\/hemeroteca\/wp-json\/wp\/v2\/types\/post"}],"author":[{"embeddable":true,"href":"https:\/\/fg.ull.es\/hemeroteca\/wp-json\/wp\/v2\/users\/1"}],"replies":[{"embeddable":true,"href":"https:\/\/fg.ull.es\/hemeroteca\/wp-json\/wp\/v2\/comments?post=18888"}],"version-history":[{"count":0,"href":"https:\/\/fg.ull.es\/hemeroteca\/wp-json\/wp\/v2\/posts\/18888\/revisions"}],"wp:featuredmedia":[{"embeddable":true,"href":"https:\/\/fg.ull.es\/hemeroteca\/wp-json\/wp\/v2\/media\/18892"}],"wp:attachment":[{"href":"https:\/\/fg.ull.es\/hemeroteca\/wp-json\/wp\/v2\/media?parent=18888"}],"wp:term":[{"taxonomy":"category","embeddable":true,"href":"https:\/\/fg.ull.es\/hemeroteca\/wp-json\/wp\/v2\/categories?post=18888"},{"taxonomy":"post_tag","embeddable":true,"href":"https:\/\/fg.ull.es\/hemeroteca\/wp-json\/wp\/v2\/tags?post=18888"}],"curies":[{"name":"wp","href":"https:\/\/api.w.org\/{rel}","templated":true}]}}