{"id":18883,"date":"2015-05-25T09:24:40","date_gmt":"2015-05-25T08:24:40","guid":{"rendered":"http:\/\/www.fg.ull.es\/?p=18883"},"modified":"2015-05-25T09:24:40","modified_gmt":"2015-05-25T08:24:40","slug":"antonio-martinon-tomara-posesion-como-rector-de-la-universidad-de-la-laguna-el-proximo-miercoles-27-de-mayo","status":"publish","type":"post","link":"https:\/\/fg.ull.es\/hemeroteca\/2015\/05\/25\/antonio-martinon-tomara-posesion-como-rector-de-la-universidad-de-la-laguna-el-proximo-miercoles-27-de-mayo\/","title":{"rendered":"Antonio Martin\u00f3n tomar\u00e1 posesi\u00f3n como rector de la Universidad de La Laguna el pr\u00f3ximo mi\u00e9rcoles 27 de mayo"},"content":{"rendered":"<h1>Antonio Martin\u00f3n tomar\u00e1 posesi\u00f3n como rector de la Universidad de La Laguna el pr\u00f3ximo mi\u00e9rcoles 27 de mayo<\/h1>\n<p>&nbsp;<\/p>\n<h4>El acto se celebrar\u00e1 a las 12:00 en el Paraninfo de la instituci\u00f3n acad\u00e9mica.<\/h4>\n<p>&nbsp;<br \/>\nEl acto de toma de posesi\u00f3n de Antonio Martin\u00f3n Cejas como nuevo rector de la Universidad de La Laguna tendr\u00e1 lugar el pr\u00f3ximo mi\u00e9rcoles 27 de mayo a las 12 horas en el Paraninfo Universitario.<br \/>\nLa ceremonia estar\u00e1 presidido por el presidente en funciones del Gobierno de Canarias, Paulino Rivero Baute, y comenzar\u00e1 por la lectura del decreto de nombramiento a cargo de la secretaria general de Presidencia. A continuaci\u00f3n, el rector electo jurar\u00e1 o prometer\u00e1 su cargo y firmar\u00e1 el acta de toma de posesi\u00f3n ante varios testigos seleccionados entre el alumnado, el profesorado y el personal de administraci\u00f3n y servicios.<br \/>\nEl nuevo rector se acercar\u00e1 entonces a la mesa presidencial, donde el rector saliente, Eduardo Dom\u00e9nech Mart\u00ednez, le entregar\u00e1 el bast\u00f3n de mando y le ceder\u00e1 su puesto en la mesa.<br \/>\nEl acto se cerrar\u00e1 con las intervenciones de Antonio Martin\u00f3n, en el que ser\u00e1 su primer discurso como rector de la Universidad de La Laguna, y del presidente en funciones del Gobierno de Canarias.<br \/>\n<b>Antonio Martin\u00f3n Cejas<br \/>\n<\/b><br \/>\nAntonio Martin\u00f3n curs\u00f3 el primer a\u00f1o de la Licenciatura en Ciencias (Secci\u00f3n de Matem\u00e1ticas) en la ULL el curso 1967-68 y los cuatro restantes en la Universidad de Zaragoza. Se incorpor\u00f3 como profesor a la ULL en 1972, donde imparti\u00f3 docencia hasta 1977 en los estudios de Matem\u00e1ticas.<br \/>\nEn 1974 obtuvo plaza de Profesor Agregado de Bachillerato y en 1980 de Catedr\u00e1tico de Bachillerato. Estuvo destinado en varios institutos de Tenerife hasta que ley\u00f3 su tesis doctoral en 1989 en la ULL, instituci\u00f3n a la cual se incorpor\u00f3 ese mismo a\u00f1o. En 1991 obtuvo plaza de Profesor Titular y en 2002, de Catedr\u00e1tico. Ha sido director del Departamento de An\u00e1lisis Matem\u00e1tico (1991-93) y decano de la Facultad de Matem\u00e1ticas (2010-14).<br \/>\nSu investigaci\u00f3n se ha centrado en el An\u00e1lisis Funcional y la Teor\u00eda de Operadores, campo en el cual es autor de m\u00e1s de cincuenta publicaciones, ha participado o dirigido varios proyectos de investigaci\u00f3n, y ha codirigido dos tesis doctorales y una m\u00e1s que est\u00e1 en elaboraci\u00f3n. Tambi\u00e9n ha dedicado atenci\u00f3n a la educaci\u00f3n matem\u00e1tica, donde cuenta con m\u00e1s de treinta publicaciones y en la que ha dirigido varios proyectos de investigaci\u00f3n. Ha dirigido dos tesis doctorales en esta disciplina y posee numerosas publicaciones de divulgaci\u00f3n de las Matem\u00e1ticas. El nuevo rector de la Universidad de La Laguna cuenta con cuatro sexenios de investigaci\u00f3n reconocidos.<br \/>\n*Nota de prensa cedida por el gabinete de comunicaci\u00f3n de la ULL<\/p>\n","protected":false},"excerpt":{"rendered":"<p>El acto se celebrar\u00e1 a las 12:00 en el Paraninfo de la instituci\u00f3n acad\u00e9mica.<\/p>\n","protected":false},"author":1,"featured_media":18886,"comment_status":"closed","ping_status":"closed","sticky":false,"template":"","format":"standard","meta":{"footnotes":""},"categories":[6],"tags":[1353,1424],"featured_image_thumbnail_url":"https:\/\/fg.ull.es\/hemeroteca\/wp-content\/uploads\/sites\/14\/2015\/07\/universidad_de_la_lagunajpg-207x300.jpg","_links":{"self":[{"href":"https:\/\/fg.ull.es\/hemeroteca\/wp-json\/wp\/v2\/posts\/18883"}],"collection":[{"href":"https:\/\/fg.ull.es\/hemeroteca\/wp-json\/wp\/v2\/posts"}],"about":[{"href":"https:\/\/fg.ull.es\/hemeroteca\/wp-json\/wp\/v2\/types\/post"}],"author":[{"embeddable":true,"href":"https:\/\/fg.ull.es\/hemeroteca\/wp-json\/wp\/v2\/users\/1"}],"replies":[{"embeddable":true,"href":"https:\/\/fg.ull.es\/hemeroteca\/wp-json\/wp\/v2\/comments?post=18883"}],"version-history":[{"count":0,"href":"https:\/\/fg.ull.es\/hemeroteca\/wp-json\/wp\/v2\/posts\/18883\/revisions"}],"wp:featuredmedia":[{"embeddable":true,"href":"https:\/\/fg.ull.es\/hemeroteca\/wp-json\/wp\/v2\/media\/18886"}],"wp:attachment":[{"href":"https:\/\/fg.ull.es\/hemeroteca\/wp-json\/wp\/v2\/media?parent=18883"}],"wp:term":[{"taxonomy":"category","embeddable":true,"href":"https:\/\/fg.ull.es\/hemeroteca\/wp-json\/wp\/v2\/categories?post=18883"},{"taxonomy":"post_tag","embeddable":true,"href":"https:\/\/fg.ull.es\/hemeroteca\/wp-json\/wp\/v2\/tags?post=18883"}],"curies":[{"name":"wp","href":"https:\/\/api.w.org\/{rel}","templated":true}]}}