{"id":18871,"date":"2015-05-22T09:15:25","date_gmt":"2015-05-22T08:15:25","guid":{"rendered":"http:\/\/www.fg.ull.es\/?p=18871"},"modified":"2015-05-22T09:15:25","modified_gmt":"2015-05-22T08:15:25","slug":"la-fundacion-general-de-la-ull-y-el-ayuntamiento-de-tegueste-firman-un-convenio-para-el-desarrollo-de-la-iniciativa-barrios-por-el-empleo-juntos-mas-fuertes","status":"publish","type":"post","link":"https:\/\/fg.ull.es\/hemeroteca\/2015\/05\/22\/la-fundacion-general-de-la-ull-y-el-ayuntamiento-de-tegueste-firman-un-convenio-para-el-desarrollo-de-la-iniciativa-barrios-por-el-empleo-juntos-mas-fuertes\/","title":{"rendered":"La Fundaci\u00f3n General de la ULL y el Ayuntamiento de Tegueste firman un convenio para el desarrollo de la iniciativa &#039;Barrios por el Empleo: Juntos m\u00e1s Fuertes&#039;"},"content":{"rendered":"<h1>La Fundaci\u00f3n General de la ULL y el Ayuntamiento de Tegueste firman un convenio para el desarrollo de la iniciativa &#8216;Barrios por el Empleo: Juntos m\u00e1s Fuertes&#8217;<\/h1>\n<p>&nbsp;<\/p>\n<h4>El objetivo es la mejora de la empleabilidad entre la ciudadan\u00eda del Nordeste de Tenerife a trav\u00e9s de la metodolog\u00eda participativa que propone el proyecto.<\/h4>\n<p>&nbsp;<br \/>\nEl alcalde del Ayuntamiento de Tegueste, Jos\u00e9 Manuel Molina, y el director gerente de la Fundaci\u00f3n General de la ULL, Sergio Alonso, firmaban el pasado 19 de mayo un convenio de colaboraci\u00f3n que tendr\u00e1 como objetivo el desarrollo de acciones del proyecto socio-comunitario \u201cBarrios por el Empleo: Juntos m\u00e1s Fuertes\u201d.<br \/>\nEntre otros aspectos el convenio recoge que se potenciar\u00e1 la red interna de trabajo entre instituciones y entidades privadas presentes en los territorios de actuaci\u00f3n y que se elaborar\u00e1 un mapa de recursos vinculado a la promoci\u00f3n del empleo y la mejora de la empleabilidad.<br \/>\nIgualmente se llevar\u00e1n a cabo acciones directas para la mejora de la empleabilidad tales como orientaci\u00f3n, formaci\u00f3n complementaria, formaci\u00f3n t\u00e9cnica en competencias profesionalizantes y pr\u00e1cticas no laborales en empresas.\u00a0 Esto se acompa\u00f1ar\u00e1 de acciones de prospecci\u00f3n, intermediaci\u00f3n y promoci\u00f3n del empleo, as\u00ed como de la elaboraci\u00f3n de diagn\u00f3sticos zonales que identifiquen actividades econ\u00f3micas emergentes y yacimientos de empleo por explotar, y adem\u00e1s, que permitan la detecci\u00f3n de necesidades formativas presentes en el territorio de cara a futuros dise\u00f1os.<br \/>\nCon este convenio, el municipio de Tegueste se suma a ampliaci\u00f3n del proyecto \u201cBarrios por el Empleo: Juntos m\u00e1s Fuertes\u201d que comenz\u00f3 originariamente en los barrios de La Cuesta y Taco en San Crist\u00f3bal de La Laguna, pero que ya se desarrolla en otros barrios y localidades como Garachico, La Guancha, La Orotava y Tacoronte, en la zona norte, en varios barrios de Santa Cruz de Tenerife, como La Salud, A\u00f1aza y Barranco Grande, y en algunos municipios de la zona sur, como son G\u00fc\u00edmar, Fasnia, Granadilla de Abona (San Isidro), Arona (El Fraile) y Gu\u00eda de Isora.<br \/>\nUno de los pilares de \u201cBarrios por el Empleo: Juntos m\u00e1s Fuertes\u201d es una propuesta metodol\u00f3gica que implica la colaboraci\u00f3n entre organizaciones, p\u00fablicas y privadas, compartiendo m\u00e9todos de trabajo, relaciones y redes, con la finalidad de promover la inserci\u00f3n de colectivos en situaci\u00f3n de riesgos de exclusi\u00f3n social. El proyecto se dirige a personas en situaci\u00f3n de exclusi\u00f3n social o en riesgo de padecerla que se encuentran en situaci\u00f3n de desempleo. En este sentido, se trabaja de manera directa y permanente con la comunidad a escala local, facilitando el empoderamiento y ofreciendo recursos y herramientas para mejorar la capacidad para acceder a un puesto de trabajo.<\/p>\n","protected":false},"excerpt":{"rendered":"<p>El objetivo es la mejora de la empleabilidad entre la ciudadan\u00eda del Nordeste de Tenerife a trav\u00e9s de la metodolog\u00eda participativa que propone el proyecto.<\/p>\n","protected":false},"author":1,"featured_media":18872,"comment_status":"closed","ping_status":"closed","sticky":false,"template":"","format":"standard","meta":{"footnotes":""},"categories":[3],"tags":[173,518,671,1079,1353,1424],"featured_image_thumbnail_url":"https:\/\/fg.ull.es\/hemeroteca\/wp-content\/uploads\/sites\/14\/2015\/07\/una_de_las_primeras_actividades_realizadas_ha_sido_una_reunion_sobre_la_problematica_de_la_educacion_en_el_municipiojpg-300x225.jpg","_links":{"self":[{"href":"https:\/\/fg.ull.es\/hemeroteca\/wp-json\/wp\/v2\/posts\/18871"}],"collection":[{"href":"https:\/\/fg.ull.es\/hemeroteca\/wp-json\/wp\/v2\/posts"}],"about":[{"href":"https:\/\/fg.ull.es\/hemeroteca\/wp-json\/wp\/v2\/types\/post"}],"author":[{"embeddable":true,"href":"https:\/\/fg.ull.es\/hemeroteca\/wp-json\/wp\/v2\/users\/1"}],"replies":[{"embeddable":true,"href":"https:\/\/fg.ull.es\/hemeroteca\/wp-json\/wp\/v2\/comments?post=18871"}],"version-history":[{"count":0,"href":"https:\/\/fg.ull.es\/hemeroteca\/wp-json\/wp\/v2\/posts\/18871\/revisions"}],"wp:featuredmedia":[{"embeddable":true,"href":"https:\/\/fg.ull.es\/hemeroteca\/wp-json\/wp\/v2\/media\/18872"}],"wp:attachment":[{"href":"https:\/\/fg.ull.es\/hemeroteca\/wp-json\/wp\/v2\/media?parent=18871"}],"wp:term":[{"taxonomy":"category","embeddable":true,"href":"https:\/\/fg.ull.es\/hemeroteca\/wp-json\/wp\/v2\/categories?post=18871"},{"taxonomy":"post_tag","embeddable":true,"href":"https:\/\/fg.ull.es\/hemeroteca\/wp-json\/wp\/v2\/tags?post=18871"}],"curies":[{"name":"wp","href":"https:\/\/api.w.org\/{rel}","templated":true}]}}