{"id":18617,"date":"2015-05-21T10:48:49","date_gmt":"2015-05-21T09:48:49","guid":{"rendered":"http:\/\/www.fg.ull.es\/?p=18617"},"modified":"2015-05-21T10:48:49","modified_gmt":"2015-05-21T09:48:49","slug":"el-proyecto-ideas-regresa-un-ano-mas-a-las-aulas-de-la-universidad-de-la-laguna","status":"publish","type":"post","link":"https:\/\/fg.ull.es\/hemeroteca\/2015\/05\/21\/el-proyecto-ideas-regresa-un-ano-mas-a-las-aulas-de-la-universidad-de-la-laguna\/","title":{"rendered":"El &#039;Proyecto Ideas&#039; regresa un a\u00f1o m\u00e1s a las aulas de la Universidad de La Laguna"},"content":{"rendered":"<h1>El &#8216;Proyecto Ideas&#8217; regresa un a\u00f1o m\u00e1s a las aulas de la Universidad de La Laguna<\/h1>\n<p>&nbsp;<\/p>\n<h4>Los estudiantes de grado, carrera o m\u00e1ster que est\u00e9n trabajando en su proyecto final pueden inscribirse hasta el pr\u00f3ximo 31 de mayo a trav\u00e9s de la p\u00e1gina web del programa. Esta iniciativa est\u00e1 enfocada al impulso del talento del alumnado y de los egresados de la ULL, dinamizando y promocionando los proyectos de final de grado, carrera o m\u00e1ster con perfil emprendedor.<\/h4>\n<p>&nbsp;<br \/>\nEl <i>Programa para la Dinamizaci\u00f3n y Promoci\u00f3n de los Proyectos Fin de Carrera, Grado o M\u00e1ster con perfil emprendedor generados en la Universidad de La Laguna<\/i>, conocido como <i>\u201cProyecto Ideas<\/i>\u201d, celebra este curso acad\u00e9mico 2014-2015 su cuarta edici\u00f3n. Durante el mes de mayo se encuentra en su etapa final de difusi\u00f3n y captaci\u00f3n de propuestas, cerr\u00e1ndose el periodo para realizar las inscripciones el pr\u00f3ximo 31 de mayo.<br \/>\nEl <i>Proyecto Ideas<\/i> surge con el objetivo de impulsar el talento del alumnado y de los egresados y egresadas de la Universidad de La Laguna, a trav\u00e9s de la dinamizaci\u00f3n y promoci\u00f3n de proyectos de final de grado, carrera o m\u00e1ster con perfil emprendedor y posibilidades de comercializaci\u00f3n en el mercado. As\u00ed, a trav\u00e9s de esta iniciativa se trata de poner en valor y reconocer la capacidad de los universitarios para desarrollar proyectos basados en la innovaci\u00f3n, la creatividad y el conocimiento.<br \/>\nPodr\u00e1n presentar su candidatura el alumnado de \u00faltimos a\u00f1os de carrera, grado o m\u00e1ster que se encuentren realizando o hayan finalizado su proyecto final en la Universidad de La Laguna y los egresados universitarios que lo hayan finalizado en los \u00faltimos dos a\u00f1os, siempre y cuando no hayan recibido asesoramiento t\u00e9cnico y empresarial previo.<br \/>\nEl <i>Programa Ideas <\/i>continuar\u00e1 en esta edici\u00f3n con la misma din\u00e1mica seguida en a\u00f1os anteriores. As\u00ed, los promotores de los proyectos participantes recibir\u00e1n: asesoramiento especializado que determine la propuesta de valor de los proyectos, participaci\u00f3n activa en foros de trabajo y talleres de mentor\u00eda empresarial, promoci\u00f3n de los proyectos en diversos canales de comunicaci\u00f3n y la posibilidad de participar en un acto p\u00fablico, el III Foro Ideas, donde se presentar\u00e1n los proyectos y se conceder\u00e1n atractivos premios a las mejores iniciativas.<br \/>\nEl <i>Proyecto Ideas 2015<\/i> es una iniciativa de la Universidad de La Laguna y su Fundaci\u00f3n General. Su fin \u00faltimo no se centra s\u00f3lo en dar a conocer los proyectos participantes como posibles iniciativas de emprendimiento y mentorizar a sus protagonistas sobre c\u00f3mo llevarlos a cabo; sino que tambi\u00e9n aspira a promocionar a los y las estudiantes y titulados universitarios, acercando sus capacidades y talento a las empresas.<br \/>\nLas personas interesadas en conocer m\u00e1s informaci\u00f3n sobre la presente convocatoria de la iniciativa pueden hacerlo a trav\u00e9s de su p\u00e1gina web <a href=\"http:\/\/www.fg.ull.es\/proyectoideas\/\">www.fg.ull.es\/proyectoideas\/<\/a> o llamando al 922.319.784.<\/p>\n","protected":false},"excerpt":{"rendered":"<p>Los estudiantes de grado, carrera o m\u00e1ster que est\u00e9n trabajando en su proyecto final pueden inscribirse hasta el pr\u00f3ximo 31 de mayo a trav\u00e9s de la p\u00e1gina web del programa. Esta iniciativa est\u00e1 enfocada al impulso del talento del alumnado y de los egresados de la ULL, dinamizando y promocionando los proyectos de final de grado, carrera o m\u00e1ster con perfil emprendedor.<\/p>\n","protected":false},"author":1,"featured_media":18618,"comment_status":"closed","ping_status":"closed","sticky":false,"template":"","format":"standard","meta":{"footnotes":""},"categories":[3],"tags":[173,533,541,821,1353,1424],"featured_image_thumbnail_url":"https:\/\/fg.ull.es\/hemeroteca\/wp-content\/uploads\/sites\/14\/2015\/07\/Proyecto_Ideas_2015_pantalla_1280x720px-300x169.jpg","_links":{"self":[{"href":"https:\/\/fg.ull.es\/hemeroteca\/wp-json\/wp\/v2\/posts\/18617"}],"collection":[{"href":"https:\/\/fg.ull.es\/hemeroteca\/wp-json\/wp\/v2\/posts"}],"about":[{"href":"https:\/\/fg.ull.es\/hemeroteca\/wp-json\/wp\/v2\/types\/post"}],"author":[{"embeddable":true,"href":"https:\/\/fg.ull.es\/hemeroteca\/wp-json\/wp\/v2\/users\/1"}],"replies":[{"embeddable":true,"href":"https:\/\/fg.ull.es\/hemeroteca\/wp-json\/wp\/v2\/comments?post=18617"}],"version-history":[{"count":0,"href":"https:\/\/fg.ull.es\/hemeroteca\/wp-json\/wp\/v2\/posts\/18617\/revisions"}],"wp:featuredmedia":[{"embeddable":true,"href":"https:\/\/fg.ull.es\/hemeroteca\/wp-json\/wp\/v2\/media\/18618"}],"wp:attachment":[{"href":"https:\/\/fg.ull.es\/hemeroteca\/wp-json\/wp\/v2\/media?parent=18617"}],"wp:term":[{"taxonomy":"category","embeddable":true,"href":"https:\/\/fg.ull.es\/hemeroteca\/wp-json\/wp\/v2\/categories?post=18617"},{"taxonomy":"post_tag","embeddable":true,"href":"https:\/\/fg.ull.es\/hemeroteca\/wp-json\/wp\/v2\/tags?post=18617"}],"curies":[{"name":"wp","href":"https:\/\/api.w.org\/{rel}","templated":true}]}}