{"id":18614,"date":"2015-05-21T10:47:10","date_gmt":"2015-05-21T09:47:10","guid":{"rendered":"http:\/\/www.fg.ull.es\/?p=18614"},"modified":"2015-05-21T10:47:10","modified_gmt":"2015-05-21T09:47:10","slug":"continuan-los-talleres-de-la-escuela-de-participacion-social-de-taco","status":"publish","type":"post","link":"https:\/\/fg.ull.es\/hemeroteca\/2015\/05\/21\/continuan-los-talleres-de-la-escuela-de-participacion-social-de-taco\/","title":{"rendered":"Contin\u00faan los talleres de la Escuela de Participaci\u00f3n Social de Taco"},"content":{"rendered":"<h1>Contin\u00faan los talleres de la Escuela de Participaci\u00f3n Social de Taco<\/h1>\n<p>&nbsp;<\/p>\n<h4>Hoy, 21 de mayo, a las 17 horas en El Polvor\u00edn de Taco se celebra el \u00faltimo taller de esta escuela. En \u00e9l se dar\u00e1 a conocer la experiencia del Centro Social Okupado Taucho y se desarrollar\u00e1 una c\u00e1psula formativa denominada \u2018\u00bfQu\u00e9 papel juega el territorio en los procesos participativos?\u2019.<\/h4>\n<p>&nbsp;<br \/>\nLa tercera edici\u00f3n de la Escuela de Participaci\u00f3n Social que est\u00e1 desarroll\u00e1ndose en Taco lleva en marcha e impartiendo talleres desde el pasado mes de marzo. Hoy, 21 de mayo, tendr\u00e1 lugar el \u00faltimo de sus talleres a las 17 horas en El Polvor\u00edn de Tacto. Durante la sesi\u00f3n se dar\u00e1 a conocer la experiencia del Centro Social Okupado Tacuho y se impartir\u00e1 la \u00faltima c\u00e1psula formativa, enfocada a analizar el papel que juega el territorio en los procesos participativos. Las personas interesadas en inscribirse en este \u00faltimo taller o en ampliar informaci\u00f3n sobre la Escuela pueden hacerlo a trav\u00e9s del tel\u00e9fono 922-317-762 o del correo electr\u00f3nico <a href=\"mailto:catedraparticipacionciudadanatenerife@gmail.com\" target=\"_blank\" rel=\"noopener noreferrer\">catedraparticipacionciudadanatenerife@gmail.com<\/a><br \/>\nEn cuanto al cuarto taller de esta tercera edici\u00f3n de la Escuela de Participaci\u00f3n Social que se desarrolla en Taco, tuvo lugar el pasado jueves 7 de mayo, en el Centro Ciudadanos San Mat\u00edas II. \u00a0Durante el mismo, \u00a0se cont\u00f3 con la presencia del Grupo J\u00f3venes por la Diversidad para compartir su experiencia, hablar de sus or\u00edgenes, integrantes, inquietudes y actividades. Tras un espacio de preguntas y respuestas sobre la experiencia presentada, los\/as componentes de J\u00f3venes por la Diversidad entregaron unas tarjetas para localizar y exponer las claves de forma conjunta, reflexionando sobre los aspectos que han favorecido ese proceso participativo, sobre lo que ha sido \u00fatil a la hora de realizar los planes y poner las actividades en marcha. Se procedi\u00f3 a la divisi\u00f3n en dos grupos, poniendo en com\u00fan cada uno de ellos sus impresiones.<br \/>\nPor otro lado, Roxana Resnikowski del Grupo de Participaci\u00f3n Social, profundiz\u00f3 en los valores que ayudan a fomentar la participaci\u00f3n social. Se nombraron, entre otros, la horizontalidad, el respeto, la confianza, la horizontalidad y la mirada positiva.<br \/>\n<a href=\"http:\/\/www.juntosenlamismadireccion.com\/iii-escuela-de-participacion-social\/\">(M\u00e1s informaci\u00f3n sobre la Escuela de Participaci\u00f3n Social aqu\u00ed) <\/a><\/p>\n","protected":false},"excerpt":{"rendered":"<p>Hoy, 21 de mayo, a las 17 horas en El Polvor\u00edn de Taco se celebra el \u00faltimo taller de esta escuela. En \u00e9l se dar\u00e1 a conocer la experiencia del Centro Social Okupado Taucho y se desarrollar\u00e1 una c\u00e1psula formativa denominada \u2018\u00bfQu\u00e9 papel juega el territorio en los procesos participativos?\u2019.<\/p>\n","protected":false},"author":1,"featured_media":18615,"comment_status":"closed","ping_status":"closed","sticky":false,"template":"","format":"standard","meta":{"footnotes":""},"categories":[3],"tags":[173,1353],"featured_image_thumbnail_url":"https:\/\/fg.ull.es\/hemeroteca\/wp-content\/uploads\/sites\/14\/2015\/07\/el_grupo_jovenes_por_la_diversidad_compartio_su_experiencia_en_el_cuarto_tallerjpg-300x196.jpg","_links":{"self":[{"href":"https:\/\/fg.ull.es\/hemeroteca\/wp-json\/wp\/v2\/posts\/18614"}],"collection":[{"href":"https:\/\/fg.ull.es\/hemeroteca\/wp-json\/wp\/v2\/posts"}],"about":[{"href":"https:\/\/fg.ull.es\/hemeroteca\/wp-json\/wp\/v2\/types\/post"}],"author":[{"embeddable":true,"href":"https:\/\/fg.ull.es\/hemeroteca\/wp-json\/wp\/v2\/users\/1"}],"replies":[{"embeddable":true,"href":"https:\/\/fg.ull.es\/hemeroteca\/wp-json\/wp\/v2\/comments?post=18614"}],"version-history":[{"count":0,"href":"https:\/\/fg.ull.es\/hemeroteca\/wp-json\/wp\/v2\/posts\/18614\/revisions"}],"wp:featuredmedia":[{"embeddable":true,"href":"https:\/\/fg.ull.es\/hemeroteca\/wp-json\/wp\/v2\/media\/18615"}],"wp:attachment":[{"href":"https:\/\/fg.ull.es\/hemeroteca\/wp-json\/wp\/v2\/media?parent=18614"}],"wp:term":[{"taxonomy":"category","embeddable":true,"href":"https:\/\/fg.ull.es\/hemeroteca\/wp-json\/wp\/v2\/categories?post=18614"},{"taxonomy":"post_tag","embeddable":true,"href":"https:\/\/fg.ull.es\/hemeroteca\/wp-json\/wp\/v2\/tags?post=18614"}],"curies":[{"name":"wp","href":"https:\/\/api.w.org\/{rel}","templated":true}]}}