{"id":18611,"date":"2015-05-21T10:45:37","date_gmt":"2015-05-21T09:45:37","guid":{"rendered":"http:\/\/www.fg.ull.es\/?p=18611"},"modified":"2015-05-21T10:45:37","modified_gmt":"2015-05-21T09:45:37","slug":"la-experiencia-de-una-agencia-en-el-mundo-de-la-venta-online-se-dio-a-conocer-ayer-en-la-quinta-pildora-de-emprende-lalaguna","status":"publish","type":"post","link":"https:\/\/fg.ull.es\/hemeroteca\/2015\/05\/21\/la-experiencia-de-una-agencia-en-el-mundo-de-la-venta-online-se-dio-a-conocer-ayer-en-la-quinta-pildora-de-emprende-lalaguna\/","title":{"rendered":"La experiencia de una agencia en el mundo de la venta online se dio a conocer ayer en la quinta p\u00edldora de Emprende.LaLaguna"},"content":{"rendered":"<h1>La experiencia de una agencia en el mundo de la venta online se dio a conocer ayer en la quinta p\u00edldora de Emprende.LaLaguna<\/h1>\n<p>&nbsp;<\/p>\n<h4>A esta quinta sesi\u00f3n del \u2018Semillero\u2019 de p\u00edldoras formativas del proyecto Emprende.LaLaguna asistieron veinte personas. Tuvo lugar ayer, 20 de mayo, en el antiguo Convento de Santo Domingo y estuvo impartida por Gin\u00e9s Le\u00f3n, de Seur y experto en la materia.<\/h4>\n<p>&nbsp;<br \/>\nEl \u2018Semillero\u2019 de p\u00edldoras formativas de Emprende.LaLaguna continu\u00f3 ayer jueves, 20 de mayo, con su quinta sesi\u00f3n, que estuvo dedicada a mostrar la experiencia de una agencia en el mundo de la venta online. Cont\u00f3 con la asistencia de veinte personas con inquietudes emprendedoras e interesadas en el mundo del <i>e-commerce<\/i>. En esta ocasi\u00f3n, se llev\u00f3 a cabo en el antiguo Convento de Santo Domingo del municipio y estuvo impartida por un experto en la materia: Gin\u00e9s Le\u00f3n, de Seur.<br \/>\nEn esta acci\u00f3n formativa gratuita se mostraron y explicaron las diferentes plataformas existentes para vender online. Adem\u00e1s, tambi\u00e9n se inform\u00f3 sobre los elementos necesarios para lanzar un e-commerce o campa\u00f1a de venta online de manera exitosa. A trav\u00e9s de una metodolog\u00eda eminentemente pr\u00e1ctica y participativa, se proporcion\u00f3 a las personas asistentes las competencias y herramientas necesarias para el desarrollo de su actividad en Internet.<br \/>\nLa pr\u00f3xima p\u00edldora formativa se celebrar\u00e1 el pr\u00f3ximo mi\u00e9rcoles, 27 de mayo, en el aulario de la Fundaci\u00f3n General de la ULL en su horario habitual, de 16:30 a 19:30 horas. Estar\u00e1 dedicada a profundizar en el mundo de las franquicias y a dar a conocer los pasos necesarios para poder montar una. El ponente ser\u00e1 Pablo Plasencia, de Mundo Franquicia.<br \/>\n<a href=\"https:\/\/sede.fg.ull.es\/es\/emprendimiento\/detalle\/a15230152\/pildora-formativa-como-comprar-una-franquicia\">(M\u00e1s informaci\u00f3n e inscripci\u00f3n aqu\u00ed)<\/a><\/p>\n","protected":false},"excerpt":{"rendered":"<p>A esta quinta sesi\u00f3n del \u2018Semillero\u2019 de p\u00edldoras formativas del proyecto Emprende.LaLaguna asistieron veinte personas. Tuvo lugar ayer, 20 de mayo, en el antiguo Convento de Santo Domingo y estuvo impartida por Gin\u00e9s Le\u00f3n, de Seur y experto en la materia.<\/p>\n","protected":false},"author":1,"featured_media":18612,"comment_status":"closed","ping_status":"closed","sticky":false,"template":"","format":"standard","meta":{"footnotes":""},"categories":[3],"tags":[173,533,541,672,1353,1424],"featured_image_thumbnail_url":"https:\/\/fg.ull.es\/hemeroteca\/wp-content\/uploads\/sites\/14\/2015\/07\/gines_leon_durante_la_pildora_de_ayerjpg-240x300.jpg","_links":{"self":[{"href":"https:\/\/fg.ull.es\/hemeroteca\/wp-json\/wp\/v2\/posts\/18611"}],"collection":[{"href":"https:\/\/fg.ull.es\/hemeroteca\/wp-json\/wp\/v2\/posts"}],"about":[{"href":"https:\/\/fg.ull.es\/hemeroteca\/wp-json\/wp\/v2\/types\/post"}],"author":[{"embeddable":true,"href":"https:\/\/fg.ull.es\/hemeroteca\/wp-json\/wp\/v2\/users\/1"}],"replies":[{"embeddable":true,"href":"https:\/\/fg.ull.es\/hemeroteca\/wp-json\/wp\/v2\/comments?post=18611"}],"version-history":[{"count":0,"href":"https:\/\/fg.ull.es\/hemeroteca\/wp-json\/wp\/v2\/posts\/18611\/revisions"}],"wp:featuredmedia":[{"embeddable":true,"href":"https:\/\/fg.ull.es\/hemeroteca\/wp-json\/wp\/v2\/media\/18612"}],"wp:attachment":[{"href":"https:\/\/fg.ull.es\/hemeroteca\/wp-json\/wp\/v2\/media?parent=18611"}],"wp:term":[{"taxonomy":"category","embeddable":true,"href":"https:\/\/fg.ull.es\/hemeroteca\/wp-json\/wp\/v2\/categories?post=18611"},{"taxonomy":"post_tag","embeddable":true,"href":"https:\/\/fg.ull.es\/hemeroteca\/wp-json\/wp\/v2\/tags?post=18611"}],"curies":[{"name":"wp","href":"https:\/\/api.w.org\/{rel}","templated":true}]}}