{"id":18606,"date":"2015-05-20T10:37:07","date_gmt":"2015-05-20T09:37:07","guid":{"rendered":"http:\/\/www.fg.ull.es\/?p=18606"},"modified":"2015-05-20T10:37:07","modified_gmt":"2015-05-20T09:37:07","slug":"la-oferta-formativa-del-servicio-de-idiomas-de-la-ull-para-este-verano-incluye-58-cursos","status":"publish","type":"post","link":"https:\/\/fg.ull.es\/hemeroteca\/2015\/05\/20\/la-oferta-formativa-del-servicio-de-idiomas-de-la-ull-para-este-verano-incluye-58-cursos\/","title":{"rendered":"La oferta formativa del Servicio de Idiomas de la ULL para este verano incluye 58 cursos"},"content":{"rendered":"<h1>La oferta formativa del Servicio de Idiomas de la ULL para este verano incluye 58 cursos<\/h1>\n<p>&nbsp;<\/p>\n<h4>La oferta formativa est\u00e1 compuesta por cursos de distintos niveles de ingl\u00e9s, franc\u00e9s, alem\u00e1n, portugu\u00e9s, espa\u00f1ol, ruso, italiano y lengua de signos espa\u00f1ola que se desarrollar\u00e1n durante los meses de junio y julio. Se incluyen cursos intensivos, preparatorios para certificaciones internacionales, espec\u00edficos y para j\u00f3venes. La matr\u00edcula para todos ellos est\u00e1 disponible.<\/h4>\n<p>&nbsp;<br \/>\nComo cada a\u00f1o, el Servicio de Idiomas de la Universidad de La Laguna organiza una oferta espec\u00edfica de cursos de lenguas modernas para los primeros meses de verano. El objetivo es ofrecer diferentes opciones y posibilidades para que las personas interesadas en el aprendizaje de idiomas puedan continuar con sus estudios durante el periodo vacacional, e incluso obtener una mejora sustancial en un espacio de tiempo muy concentrado a trav\u00e9s de los cursos intensivos. \u00a0La campa\u00f1a de este a\u00f1o se ha denominado \u201cUsa el verano, disfruta la lengua\u201d.<br \/>\nLa oferta formativa est\u00e1 compuesta por 58 cursos de distintos niveles de ingl\u00e9s, franc\u00e9s, alem\u00e1n, portugu\u00e9s, espa\u00f1ol, ruso, italiano y lengua de signos espa\u00f1ola que se desarrollar\u00e1n durante los meses de junio y julio. Adem\u00e1s, tambi\u00e9n se han incluido cursos intensivos, espec\u00edficos dedicados a la atenci\u00f3n al cliente o para viajeros, preparatorios para certificaciones internacionales y para j\u00f3venes con edades comprendidas entre 13 y 17 a\u00f1os.<br \/>\nSe trata de cursos con diferentes modalidades; algunos de ellos son intensivos, con lo que el alumnado podr\u00e1 avanzar de nivel y progresar de manera m\u00e1s r\u00e1pida. Se organizar\u00e1n en sesiones de ma\u00f1ana y tarde. Adem\u00e1s, se impartir\u00e1n en sedes del Servicio de Idiomas de la ULL como: La Laguna, Santa Cruz de Tenerife y Adeje.<br \/>\nLa mayor\u00eda de estas actividades formativas se realizar\u00e1n en dos tandas: comenzando durante la primera semana de junio y julio y terminando a finales de ambos meses. Sin embargo, hay algunas excepciones, por lo que se recomienda consultar la informaci\u00f3n concreta del idioma por el que se est\u00e9 interesado.<br \/>\n<a href=\"http:\/\/www.fg.ull.es\/idiomas\/cursos-de-verano\/\">(Consulta la oferta formativa de cursos para este verano aqu\u00ed)<\/a><br \/>\nAsimismo, si se tiene alg\u00fan conocimiento sobre el idioma, se deber\u00e1 realizar una prueba de nivel de manera gratuita. Esta prueba de nivel es un test muy sencillo y r\u00e1pido que se emplear\u00e1 para establecer en qu\u00e9 punto se encuentra el alumno antes de iniciar las clases, para que se incorpore al curso que mejor se adec\u00fae a su nivel y necesidades. La inscripci\u00f3n para las pruebas de nivel estar\u00e1 abierta hasta el pr\u00f3ximo 4 de junio.<br \/>\nLas personas interesadas en inscribirse tambi\u00e9n tendr\u00e1n la posibilidad de solicitar una beca \u201cUniversitas Prolingua\u201d para sufragar una parte del coste del curso. El plazo para realizar su solicitud ser\u00e1 hasta el 3 de junio.<br \/>\nSe recuerda que para promover la interacci\u00f3n de la comunidad universitaria, se ha organizado un concurso fotogr\u00e1fico a trav\u00e9s de la red social Facebook. Las personas interesadas en participar deber\u00e1n subir a la aplicaci\u00f3n habilitada para el concurso una fotograf\u00eda realizada en los displays situados en la cafeter\u00eda del Aulario de Guajara y en el pasillo del aulario del Servicio de Idiomas, en la tendr\u00e1n que aparecer ense\u00f1ando la lengua. Entre todos los participantes se realizar\u00e1 un sorteo de dos cursos de idiomas para realizar durante este verano o en el primer cuatrimestre del pr\u00f3ximo curso acad\u00e9mico. Se podr\u00e1 participar en el concurso hasta el pr\u00f3ximo viernes 22 de mayo.<br \/>\n<a href=\"https:\/\/basicfront.easypromosapp.com\/p\/190564?lc=es-es\">(M\u00e1s informaci\u00f3n y bases del concurso fotogr\u00e1fico aqu\u00ed)<\/a><\/p>\n","protected":false},"excerpt":{"rendered":"<p>La oferta formativa est\u00e1 compuesta por cursos de distintos niveles de ingl\u00e9s, franc\u00e9s, alem\u00e1n, portugu\u00e9s, espa\u00f1ol, ruso, italiano y lengua de signos espa\u00f1ola que se desarrollar\u00e1n durante los meses de junio y julio. Se incluyen cursos intensivos, preparatorios para certificaciones internacionales, espec\u00edficos y para j\u00f3venes. La matr\u00edcula para todos ellos est\u00e1 disponible.<\/p>\n","protected":false},"author":1,"featured_media":17338,"comment_status":"closed","ping_status":"closed","sticky":false,"template":"","format":"standard","meta":{"footnotes":""},"categories":[5],"tags":[173,425,672,780,1286,1353,1424],"featured_image_thumbnail_url":"https:\/\/fg.ull.es\/hemeroteca\/wp-content\/uploads\/sites\/14\/2015\/06\/PANTALLA_1280X720px-1-300x169.jpg","_links":{"self":[{"href":"https:\/\/fg.ull.es\/hemeroteca\/wp-json\/wp\/v2\/posts\/18606"}],"collection":[{"href":"https:\/\/fg.ull.es\/hemeroteca\/wp-json\/wp\/v2\/posts"}],"about":[{"href":"https:\/\/fg.ull.es\/hemeroteca\/wp-json\/wp\/v2\/types\/post"}],"author":[{"embeddable":true,"href":"https:\/\/fg.ull.es\/hemeroteca\/wp-json\/wp\/v2\/users\/1"}],"replies":[{"embeddable":true,"href":"https:\/\/fg.ull.es\/hemeroteca\/wp-json\/wp\/v2\/comments?post=18606"}],"version-history":[{"count":0,"href":"https:\/\/fg.ull.es\/hemeroteca\/wp-json\/wp\/v2\/posts\/18606\/revisions"}],"wp:featuredmedia":[{"embeddable":true,"href":"https:\/\/fg.ull.es\/hemeroteca\/wp-json\/wp\/v2\/media\/17338"}],"wp:attachment":[{"href":"https:\/\/fg.ull.es\/hemeroteca\/wp-json\/wp\/v2\/media?parent=18606"}],"wp:term":[{"taxonomy":"category","embeddable":true,"href":"https:\/\/fg.ull.es\/hemeroteca\/wp-json\/wp\/v2\/categories?post=18606"},{"taxonomy":"post_tag","embeddable":true,"href":"https:\/\/fg.ull.es\/hemeroteca\/wp-json\/wp\/v2\/tags?post=18606"}],"curies":[{"name":"wp","href":"https:\/\/api.w.org\/{rel}","templated":true}]}}