{"id":18603,"date":"2015-05-20T10:35:17","date_gmt":"2015-05-20T09:35:17","guid":{"rendered":"http:\/\/www.fg.ull.es\/?p=18603"},"modified":"2015-05-20T10:35:17","modified_gmt":"2015-05-20T09:35:17","slug":"jornada-instrumentos-financieros-para-la-internacionalizacion-de-las-pyme-proyectos-id-y-empresas-tecnologicas","status":"publish","type":"post","link":"https:\/\/fg.ull.es\/hemeroteca\/2015\/05\/20\/jornada-instrumentos-financieros-para-la-internacionalizacion-de-las-pyme-proyectos-id-y-empresas-tecnologicas\/","title":{"rendered":"Jornada &#039;Instrumentos financieros para la internacionalizaci\u00f3n de las Pyme, proyectos I+D y empresas tecnol\u00f3gicas&#039;"},"content":{"rendered":"<h1>Jornada &#8216;Instrumentos financieros para la internacionalizaci\u00f3n de las Pyme, proyectos I+D y empresas tecnol\u00f3gicas&#8217;<\/h1>\n<p>&nbsp;<\/p>\n<h4>La red Enterprise Europe Network en Canarias a trav\u00e9s del Instituto Tecnol\u00f3gico de Canarias organiza esta jornada. Se celebrar\u00e1 el 26 de mayo en Las Palmas de Gran Canaria y el 27 de mayo en la plaza Sixto Machado en Santa Cruz de Tenerife.<\/h4>\n<p>&nbsp;<br \/>\nLa red Enterprise Europe Network en Canarias a trav\u00e9s del Instituto Tecnol\u00f3gico de Canarias organiza una jornada denominada \u201cInstrumentos financieros para la internacionalizaci\u00f3n de las Pyme, proyectos I+D y empresas tecnol\u00f3gicas\u201d. Tendr\u00e1 lugar el 26 de mayo en la calle Cebri\u00e1n de Las Palmas de Gran Canaria y el 27 de mayo en la plaza Sixto Machado de Santa Cruz de Tenerife de 9:30 horas a 17 horas. Est\u00e1 especialmente dirigida a pymes y agentes involucrados en el apoyo a la participaci\u00f3n de las pymes en programas de financiaci\u00f3n nacionales y europeos.<br \/>\nEsta jornada estar\u00e1 dividida en tres sesiones. La primera de ellas tiene como objetivo poner de manifiesto las oportunidades de financiaci\u00f3n para la internacionalizaci\u00f3n de las Pyme, enmarcadas dentro del programa Horizonte 2020, y facilitar toda la informaci\u00f3n referente a estas herramientas. Tambi\u00e9n se indicar\u00e1n las pautas y recomendaciones a seguir para que su propuesta contenga todas las caracter\u00edsticas necesarias para tener \u00e9xito.<br \/>\nDurante la segunda sesi\u00f3n el Centro de Desarrollo Tecnol\u00f3gico Industrial (CDTI) presentar\u00e1 las l\u00edneas de ayuda nacional para proyectos de I+D y empresas tecnol\u00f3gicas, as\u00ed como las novedades de las l\u00edneas financiaci\u00f3n NEOTEC, que tienen como objetivo el apoyo a la creaci\u00f3n y consolidaci\u00f3n de nuevas empresas de base tecnol\u00f3gica en Espa\u00f1a, e INNTERCONECTA, que est\u00e1 destinada est\u00e1 destinada para\u00a0 proyectos de desarrollo experimental en la modalidad de proyectos en cooperaci\u00f3n entre empresas.<br \/>\nAl final de la jornada el CDTI analizar\u00e1 los resultados de las empresas canarias en proyectos.<br \/>\nAdem\u00e1s, se celebrar\u00e1 una tercera sesi\u00f3n de 14:30 a 17 horas para aquellas personas que est\u00e9n interesadas en mantener una reuni\u00f3n con un t\u00e9cnico CDTI referente a un proyecto de I+D+i que tenga en mente o a la creaci\u00f3n de una nueva empresa intensiva en tecnolog\u00eda o conocimiento, rellene por favor el formulario que puede descarg\u00e1rselo este enlace y m\u00e1ndelo a la direcci\u00f3n <a href=\"mailto:itc@redcide.es\">itc@redcide.es<\/a> antes del jueves 21 de mayo. Se seleccionar\u00e1n 5 empresas para realizar las reuniones en funci\u00f3n de las posibilidades de financiaci\u00f3n por estas l\u00edneas que tengan las ideas de proyecto.<br \/>\n<a href=\"https:\/\/docs.google.com\/a\/fg.ull.es\/forms\/d\/1lLSzHnNBfY8oFPPr0968U1slEcc5OfcCCEwvP9LK4Qs\/viewform\">(Inscripci\u00f3n aqu\u00ed)<\/a><br \/>\n<a href=\"http:\/\/www.een-canarias.org\/images\/2015_05_PROGRAMA_TF.pdf\">(Consulta el programa aqu\u00ed)<\/a><\/p>\n","protected":false},"excerpt":{"rendered":"<p>La red Enterprise Europe Network en Canarias a trav\u00e9s del Instituto Tecnol\u00f3gico de Canarias organiza esta jornada. Se celebrar\u00e1 el 26 de mayo en Las Palmas de Gran Canaria y el 27 de mayo en la plaza Sixto Machado en Santa Cruz de Tenerife.<\/p>\n","protected":false},"author":1,"featured_media":18604,"comment_status":"closed","ping_status":"closed","sticky":false,"template":"","format":"standard","meta":{"footnotes":""},"categories":[8],"tags":[173,657,821,1353],"featured_image_thumbnail_url":"https:\/\/fg.ull.es\/hemeroteca\/wp-content\/uploads\/sites\/14\/2015\/07\/enterprise_europe_network_en_canariaspng-300x88.png","_links":{"self":[{"href":"https:\/\/fg.ull.es\/hemeroteca\/wp-json\/wp\/v2\/posts\/18603"}],"collection":[{"href":"https:\/\/fg.ull.es\/hemeroteca\/wp-json\/wp\/v2\/posts"}],"about":[{"href":"https:\/\/fg.ull.es\/hemeroteca\/wp-json\/wp\/v2\/types\/post"}],"author":[{"embeddable":true,"href":"https:\/\/fg.ull.es\/hemeroteca\/wp-json\/wp\/v2\/users\/1"}],"replies":[{"embeddable":true,"href":"https:\/\/fg.ull.es\/hemeroteca\/wp-json\/wp\/v2\/comments?post=18603"}],"version-history":[{"count":0,"href":"https:\/\/fg.ull.es\/hemeroteca\/wp-json\/wp\/v2\/posts\/18603\/revisions"}],"wp:featuredmedia":[{"embeddable":true,"href":"https:\/\/fg.ull.es\/hemeroteca\/wp-json\/wp\/v2\/media\/18604"}],"wp:attachment":[{"href":"https:\/\/fg.ull.es\/hemeroteca\/wp-json\/wp\/v2\/media?parent=18603"}],"wp:term":[{"taxonomy":"category","embeddable":true,"href":"https:\/\/fg.ull.es\/hemeroteca\/wp-json\/wp\/v2\/categories?post=18603"},{"taxonomy":"post_tag","embeddable":true,"href":"https:\/\/fg.ull.es\/hemeroteca\/wp-json\/wp\/v2\/tags?post=18603"}],"curies":[{"name":"wp","href":"https:\/\/api.w.org\/{rel}","templated":true}]}}