{"id":18600,"date":"2015-05-20T10:33:36","date_gmt":"2015-05-20T09:33:36","guid":{"rendered":"http:\/\/www.fg.ull.es\/?p=18600"},"modified":"2015-05-20T10:33:36","modified_gmt":"2015-05-20T09:33:36","slug":"la-sexta-pildora-formativa-de-emprende-lalaguna-se-adentrara-en-el-mundo-de-las-franquicias","status":"publish","type":"post","link":"https:\/\/fg.ull.es\/hemeroteca\/2015\/05\/20\/la-sexta-pildora-formativa-de-emprende-lalaguna-se-adentrara-en-el-mundo-de-las-franquicias\/","title":{"rendered":"La sexta p\u00edldora formativa de Emprende.LaLaguna se adentrar\u00e1 en el mundo de las franquicias"},"content":{"rendered":"<h1>La sexta p\u00edldora formativa de Emprende.LaLaguna se adentrar\u00e1 en el mundo de las franquicias<\/h1>\n<p>&nbsp;<\/p>\n<h4>El \u2018Semillero\u2019 de acciones formativas de Emprende.LaLaguna continuar\u00e1 el pr\u00f3ximo mi\u00e9rcoles, 27 de mayo, de 16:30 a 19:30 horas con una sesi\u00f3n dedicada a que las personas asistentes aprendan todos los pasos para poder montar una franquicia. El ponente ser\u00e1 Pablo Plasencia, de Mundo Franquicia.<\/h4>\n<p>&nbsp;<br \/>\nLa sexta sesi\u00f3n del \u2018Semillero\u2019 de p\u00edldoras formativas de Emprende.LaLaguna profundizar\u00e1 en el mundo de las franquicias. Se celebrar\u00e1 el pr\u00f3ximo mi\u00e9rcoles, 27 de mayo, en el aulario de la Fundaci\u00f3n General de la ULL en su horario habitual, de 16:30 a 19:30 horas. En esta ocasi\u00f3n, los potenciales emprendedores que asistan podr\u00e1n aprender todos los pasos a seguir para poder montar una franquicia.<br \/>\nEl ponente de esta acci\u00f3n formativa gratuita ser\u00e1 Pablo Plasencia, de Mundo Franquicia. A trav\u00e9s de una metodolog\u00eda eminentemente pr\u00e1ctica, proporcionar\u00e1 a los emprendedores y emprendedoras en potencia las competencias y herramientas necesarias para el desarrollo de su actividad.<br \/>\nLas p\u00edldoras formativas son un conjunto de acciones gratuitas de tres horas de duraci\u00f3n encaminadas a proporcionar conocimientos pr\u00e1cticos sobre distintas \u00e1reas del negocio. Son actividades complementarias dirigidas tanto a los futuros emprendedores como a empresarios ya consolidados. Son ponencias de contenidos muy pr\u00e1cticos en las que se emplea una metodolog\u00eda experiencial con la intenci\u00f3n de ser \u00fatiles para nuevos y potenciales emprendedores. Est\u00e1n impartidas por profesionales especializados en las tem\u00e1ticas que se tratan en cada sesi\u00f3n.<br \/>\n<a href=\"https:\/\/sede.fg.ull.es\/es\/emprendimiento\/detalle\/a15230152\/pildora-formativa-como-comprar-una-franquicia\">(M\u00e1s informaci\u00f3n e inscripci\u00f3n aqu\u00ed)<\/a><\/p>\n","protected":false},"excerpt":{"rendered":"<p>El \u2018Semillero\u2019 de acciones formativas de Emprende.LaLaguna continuar\u00e1 el pr\u00f3ximo mi\u00e9rcoles, 27 de mayo, de 16:30 a 19:30 horas con una sesi\u00f3n dedicada a que las personas asistentes aprendan todos los pasos para poder montar una franquicia. El ponente ser\u00e1 Pablo Plasencia, de Mundo Franquicia.<\/p>\n","protected":false},"author":1,"featured_media":18601,"comment_status":"closed","ping_status":"closed","sticky":false,"template":"","format":"standard","meta":{"footnotes":""},"categories":[3],"tags":[173,533,541,672,1353,1424],"featured_image_thumbnail_url":"https:\/\/fg.ull.es\/hemeroteca\/wp-content\/uploads\/sites\/14\/2015\/07\/pantalla_1280x7201px-300x169.jpg","_links":{"self":[{"href":"https:\/\/fg.ull.es\/hemeroteca\/wp-json\/wp\/v2\/posts\/18600"}],"collection":[{"href":"https:\/\/fg.ull.es\/hemeroteca\/wp-json\/wp\/v2\/posts"}],"about":[{"href":"https:\/\/fg.ull.es\/hemeroteca\/wp-json\/wp\/v2\/types\/post"}],"author":[{"embeddable":true,"href":"https:\/\/fg.ull.es\/hemeroteca\/wp-json\/wp\/v2\/users\/1"}],"replies":[{"embeddable":true,"href":"https:\/\/fg.ull.es\/hemeroteca\/wp-json\/wp\/v2\/comments?post=18600"}],"version-history":[{"count":0,"href":"https:\/\/fg.ull.es\/hemeroteca\/wp-json\/wp\/v2\/posts\/18600\/revisions"}],"wp:featuredmedia":[{"embeddable":true,"href":"https:\/\/fg.ull.es\/hemeroteca\/wp-json\/wp\/v2\/media\/18601"}],"wp:attachment":[{"href":"https:\/\/fg.ull.es\/hemeroteca\/wp-json\/wp\/v2\/media?parent=18600"}],"wp:term":[{"taxonomy":"category","embeddable":true,"href":"https:\/\/fg.ull.es\/hemeroteca\/wp-json\/wp\/v2\/categories?post=18600"},{"taxonomy":"post_tag","embeddable":true,"href":"https:\/\/fg.ull.es\/hemeroteca\/wp-json\/wp\/v2\/tags?post=18600"}],"curies":[{"name":"wp","href":"https:\/\/api.w.org\/{rel}","templated":true}]}}