{"id":18597,"date":"2015-05-19T10:31:56","date_gmt":"2015-05-19T09:31:56","guid":{"rendered":"http:\/\/www.fg.ull.es\/?p=18597"},"modified":"2015-05-19T10:31:56","modified_gmt":"2015-05-19T09:31:56","slug":"treinta-personas-reciben-formacion-complementaria-para-el-empleo-en-el-marco-del-proyecto-barrios-por-el-empleo-juntos-mas-fuertes-insular","status":"publish","type":"post","link":"https:\/\/fg.ull.es\/hemeroteca\/2015\/05\/19\/treinta-personas-reciben-formacion-complementaria-para-el-empleo-en-el-marco-del-proyecto-barrios-por-el-empleo-juntos-mas-fuertes-insular\/","title":{"rendered":"Treinta personas reciben formaci\u00f3n complementaria para el empleo en el marco del proyecto &#039;Barrios por el Empleo: Juntos m\u00e1s Fuertes Insular&#039;"},"content":{"rendered":"<h1>Treinta personas reciben formaci\u00f3n complementaria para el empleo en el marco del proyecto &#8216;Barrios por el Empleo: Juntos m\u00e1s Fuertes Insular&#8217;<\/h1>\n<p>&nbsp;<\/p>\n<h4>Ayer, lunes 18 de mayo, dio comienzo una formaci\u00f3n complementaria con un grupo de treinta personas que participan en \u00a0\u2018Barrios por el Empleo: Juntos m\u00e1s Fuertes Insular\u2019 de San Isidro, que abarca los municipios de Granadilla de Abona, San Miguel de Abona y Vilaflor de Chasna.<\/h4>\n<p>&nbsp;<br \/>\nTreinta personas que participan en el proyecto \u2018Barrios por el Empleo: Juntos m\u00e1s Fuertes Insular\u2019 de San Isidro comenzaron a recibir ayer, lunes 18 de mayo, una formaci\u00f3n complementaria para la mejora de su empleabilidad. Esta acci\u00f3n formativa est\u00e1 formada por dos m\u00f3dulos de veinte horas cada uno: \u2018Competencias b\u00e1sicas para el empleo\u2019 y \u2018Competencias para procesos de b\u00fasqueda activa de empleo\u2019. Se impartir\u00e1 hasta el 12 de junio en San Isidro Espacio C\u00edvico en horario de 9 a 13 horas.<br \/>\nEsta acci\u00f3n formativa complementaria es de una de las iniciativas de mejora de la empleabilidad de este proyecto insular, que subvenciona el Cabildo Insular de Tenerife y coordina la Fundaci\u00f3n Canaria Insular para la Formaci\u00f3n, el Empleo y el Desarrollo Empresarial (FIFEDE). Concretamente, en la zona de San Isidro de este proyecto se abarcan los municipios de Granadilla de Abona, San Miguel de Abona y Vilaflor de Chasna.<br \/>\nDurante la primera sesi\u00f3n de ayer, se present\u00f3 y proyecto y sus distintas acciones. Asimismo, Tania Bethencourt, directora de Innovaci\u00f3n y Recursos Humanos de la empresa Ewaste Canarias S.L, y Pedro Cabrera Gonz\u00e1lez, propietario de la Pasteler\u00eda La Canela, aportaron su visi\u00f3n sobre c\u00f3mo mejorar las competencias B\u00e1sicas y transversales para el empleo<i>.<\/i> Ambos destacaron en sus intervenciones la relevancia de determinadas competencias, como el trabajo en equipo, la flexibilidad, la polivalencia y la motivaci\u00f3n por el aprendizaje como pilares b\u00e1sicos, tanto en las posibilidades de inserci\u00f3n laboral como en el mantenimiento de un puesto de trabajo. Tambi\u00e9n comentaron los perfiles profesionales que demandan sus respectivas empresas, las v\u00edas de acceso para la autocandidatura, la importancia de saber elaborar un curr\u00edculum vitae, el manejo de las redes sociales de cara a la b\u00fasqueda de empleo, etc.<br \/>\nA continuaci\u00f3n, tambi\u00e9n comenz\u00f3 a impartirse el segundo m\u00f3dulo formativo, a cargo del Grupo Shin\u00e9. Este tendr\u00e1 \u00a0una duraci\u00f3n de 20 horas presenciales y se desarrollar\u00e1 a lo largo de esta semana.<\/p>\n","protected":false},"excerpt":{"rendered":"<p>Ayer, lunes 18 de mayo, dio comienzo una formaci\u00f3n complementaria con un grupo de treinta personas que participan en  \u2018Barrios por el Empleo: Juntos m\u00e1s Fuertes Insular\u2019 de San Isidro, que abarca los municipios de Granadilla de Abona, San Miguel de Abona y Vilaflor de Chasna.<\/p>\n","protected":false},"author":1,"featured_media":18598,"comment_status":"closed","ping_status":"closed","sticky":false,"template":"","format":"standard","meta":{"footnotes":""},"categories":[3],"tags":[518,671,1353,1424],"featured_image_thumbnail_url":"https:\/\/fg.ull.es\/hemeroteca\/wp-content\/uploads\/sites\/14\/2015\/07\/una_de_las_actividades_desarrolladas_ayer_durante_la_formacionjpg-300x193.jpg","_links":{"self":[{"href":"https:\/\/fg.ull.es\/hemeroteca\/wp-json\/wp\/v2\/posts\/18597"}],"collection":[{"href":"https:\/\/fg.ull.es\/hemeroteca\/wp-json\/wp\/v2\/posts"}],"about":[{"href":"https:\/\/fg.ull.es\/hemeroteca\/wp-json\/wp\/v2\/types\/post"}],"author":[{"embeddable":true,"href":"https:\/\/fg.ull.es\/hemeroteca\/wp-json\/wp\/v2\/users\/1"}],"replies":[{"embeddable":true,"href":"https:\/\/fg.ull.es\/hemeroteca\/wp-json\/wp\/v2\/comments?post=18597"}],"version-history":[{"count":0,"href":"https:\/\/fg.ull.es\/hemeroteca\/wp-json\/wp\/v2\/posts\/18597\/revisions"}],"wp:featuredmedia":[{"embeddable":true,"href":"https:\/\/fg.ull.es\/hemeroteca\/wp-json\/wp\/v2\/media\/18598"}],"wp:attachment":[{"href":"https:\/\/fg.ull.es\/hemeroteca\/wp-json\/wp\/v2\/media?parent=18597"}],"wp:term":[{"taxonomy":"category","embeddable":true,"href":"https:\/\/fg.ull.es\/hemeroteca\/wp-json\/wp\/v2\/categories?post=18597"},{"taxonomy":"post_tag","embeddable":true,"href":"https:\/\/fg.ull.es\/hemeroteca\/wp-json\/wp\/v2\/tags?post=18597"}],"curies":[{"name":"wp","href":"https:\/\/api.w.org\/{rel}","templated":true}]}}