{"id":18594,"date":"2015-05-19T10:16:21","date_gmt":"2015-05-19T09:16:21","guid":{"rendered":"http:\/\/www.fg.ull.es\/?p=18594"},"modified":"2015-05-19T10:16:21","modified_gmt":"2015-05-19T09:16:21","slug":"abierta-la-inscripcion-para-el-taller-el-vino-creativo","status":"publish","type":"post","link":"https:\/\/fg.ull.es\/hemeroteca\/2015\/05\/19\/abierta-la-inscripcion-para-el-taller-el-vino-creativo\/","title":{"rendered":"Abierta la inscripci\u00f3n para el taller &#039;El Vino Creativo&#039;"},"content":{"rendered":"<h1>Abierta la inscripci\u00f3n para el taller &#8216;El Vino Creativo&#8217;<\/h1>\n<p>&nbsp;<\/p>\n<h4>Esta jornada divulgativa sobre tendencia, marketing y dise\u00f1o en torno al vino se impartir\u00e1 el d\u00eda 5 de junio en la Casa del Vino de Gran Canaria.<\/h4>\n<p>&nbsp;<br \/>\nLa Casa del Vino de Gran Canaria acoger\u00e1 el pr\u00f3ximo 5 de junio un taller denominado \u2018El Vino Creativo\u2019, que est\u00e1 organizado por el Aula Cultural de Enoturismo y Turismo Gastron\u00f3mico de Universidad de La Laguna, conjuntamente con el Consejo Regulador de la Denominaci\u00f3n de Origen de Vinos de Gran Canaria y la Fundaci\u00f3n General de esta instituci\u00f3n acad\u00e9mica.<br \/>\n\u201cEl objetivo del taller es abordar a trav\u00e9s diversas sesiones la definici\u00f3n del p\u00fablico al que queremos dirigir nuestro vino, a trav\u00e9s de una experiencia sensorial total y no solamente centrada en la experiencia gustativa\u201d, explica el codirector del Aula de Enoturismo de la Universidad de La Laguna, Gabriel Santos.<br \/>\nEl programa de esta acci\u00f3n formativa estar\u00e1 conformado por tres sesiones. En concreto, una sesi\u00f3n dirigida por el economista Borja de Mesa, una segunda por el dise\u00f1ador David Rodr\u00edguez, y se cerrar\u00e1 la jornada con una interesant\u00edsima exposici\u00f3n denominada \u201cSabores de Gran Canaria\u201d a cargo del chef Juan Santiago Felipe que maridar\u00e1 la rica gastronom\u00eda local con los vinos ganadores en la XX Cata Insular de Vinos de Gran Canaria.<br \/>\nLa inscripci\u00f3n general tiene un coste de 20 euros, aunque los estudiantes, desempleados y miembros del Consejo Regulador, tienen un descuento del 25 por ciento, y deben realizarse a trav\u00e9s de la plataforma de venta de entradas Ticketea.<br \/>\n*Nota y foto cedidas<\/p>\n","protected":false},"excerpt":{"rendered":"<p>Esta jornada divulgativa sobre tendencia, marketing y dise\u00f1o en torno al vino se impartir\u00e1 el d\u00eda 5 de junio en la Casa del Vino de Gran Canaria.<\/p>\n","protected":false},"author":1,"featured_media":18595,"comment_status":"closed","ping_status":"closed","sticky":false,"template":"","format":"standard","meta":{"footnotes":""},"categories":[5],"tags":[173,672,1353,1424],"featured_image_thumbnail_url":"https:\/\/fg.ull.es\/hemeroteca\/wp-content\/uploads\/sites\/14\/2015\/07\/el_taller_se_celebrara_en_la_casa_del_vino_de_gran_canariajpg-300x186.jpg","_links":{"self":[{"href":"https:\/\/fg.ull.es\/hemeroteca\/wp-json\/wp\/v2\/posts\/18594"}],"collection":[{"href":"https:\/\/fg.ull.es\/hemeroteca\/wp-json\/wp\/v2\/posts"}],"about":[{"href":"https:\/\/fg.ull.es\/hemeroteca\/wp-json\/wp\/v2\/types\/post"}],"author":[{"embeddable":true,"href":"https:\/\/fg.ull.es\/hemeroteca\/wp-json\/wp\/v2\/users\/1"}],"replies":[{"embeddable":true,"href":"https:\/\/fg.ull.es\/hemeroteca\/wp-json\/wp\/v2\/comments?post=18594"}],"version-history":[{"count":0,"href":"https:\/\/fg.ull.es\/hemeroteca\/wp-json\/wp\/v2\/posts\/18594\/revisions"}],"wp:featuredmedia":[{"embeddable":true,"href":"https:\/\/fg.ull.es\/hemeroteca\/wp-json\/wp\/v2\/media\/18595"}],"wp:attachment":[{"href":"https:\/\/fg.ull.es\/hemeroteca\/wp-json\/wp\/v2\/media?parent=18594"}],"wp:term":[{"taxonomy":"category","embeddable":true,"href":"https:\/\/fg.ull.es\/hemeroteca\/wp-json\/wp\/v2\/categories?post=18594"},{"taxonomy":"post_tag","embeddable":true,"href":"https:\/\/fg.ull.es\/hemeroteca\/wp-json\/wp\/v2\/tags?post=18594"}],"curies":[{"name":"wp","href":"https:\/\/api.w.org\/{rel}","templated":true}]}}