{"id":18590,"date":"2015-05-19T10:14:01","date_gmt":"2015-05-19T09:14:01","guid":{"rendered":"http:\/\/www.fg.ull.es\/?p=18590"},"modified":"2015-05-19T10:14:01","modified_gmt":"2015-05-19T09:14:01","slug":"segundo-listado-definitivo-de-la-convocatoria-para-la-seleccion-de-personal-con-cargo-al-proyecto-omi-validation-support","status":"publish","type":"post","link":"https:\/\/fg.ull.es\/hemeroteca\/2015\/05\/19\/segundo-listado-definitivo-de-la-convocatoria-para-la-seleccion-de-personal-con-cargo-al-proyecto-omi-validation-support\/","title":{"rendered":"Segundo listado definitivo de la convocatoria para la selecci\u00f3n de personal con cargo al proyecto &#039;Omi Validation Support&#039;"},"content":{"rendered":"<h1>Segundo listado definitivo de la convocatoria para la selecci\u00f3n de personal con cargo al proyecto &#8216;Omi Validation Support&#8217;<\/h1>\n<p>&nbsp;<\/p>\n<h4>Finalizada la segunda fase del proceso de selecci\u00f3n, se procede a publicar el segundo listado definitivo de aceptados\/as en el proceso de selecci\u00f3n de personal para la realizaci\u00f3n de trabajos en el contexto del proyecto &#8216;Omi Validation Support&#8217;, a trav\u00e9s de la Fundaci\u00f3n General de la Universidad de La Laguna mediante un contrato laboral en la modalidad de obra y servicio.<\/h4>\n<p>&nbsp;<br \/>\nPara la valoraci\u00f3n de todas y cada una de las candidaturas, se ha tomado como fundamento lo especificado en:<\/p>\n<ul>\n<li><a title=\"Bases Generales\" href=\"http:\/\/www.fg.ull.es\/public\/docs\/1859_fk_bases_generales_becas_formativas_de_investigacion.pdf\" target=\"_blank\" rel=\"noopener noreferrer\">Bases Generales<\/a><\/li>\n<li><a title=\"Perfil Singular\" href=\"http:\/\/www.fg.ull.es\/public\/docs\/1860_vg_perfil_singular.pdf\" target=\"_blank\" rel=\"noopener noreferrer\">Perfil Singular<\/a><\/li>\n<\/ul>\n<p>Puede ver el listado definitivo <a title=\"2\u00ba Listado def\" href=\"http:\/\/www.fg.ull.es\/public\/docs\/1904_6r_2_listado_definitivo.pdf\" target=\"_blank\" rel=\"noopener noreferrer\">aqu\u00ed<\/a>.<\/p>\n","protected":false},"excerpt":{"rendered":"<p>Finalizada la segunda fase del proceso de selecci\u00f3n, se procede a publicar el segundo listado definitivo de aceptados\/as en el proceso de selecci\u00f3n de personal para la realizaci\u00f3n de trabajos en el contexto del proyecto &#8216;Omi Validation Support&#8217;, a trav\u00e9s de la Fundaci\u00f3n General de la Universidad de La Laguna mediante un contrato laboral en la modalidad de obra y servicio.<\/p>\n","protected":false},"author":1,"featured_media":0,"comment_status":"closed","ping_status":"closed","sticky":false,"template":"","format":"standard","meta":{"footnotes":""},"categories":[2],"tags":[173,518,862,1066,1353,1424],"featured_image_thumbnail_url":null,"_links":{"self":[{"href":"https:\/\/fg.ull.es\/hemeroteca\/wp-json\/wp\/v2\/posts\/18590"}],"collection":[{"href":"https:\/\/fg.ull.es\/hemeroteca\/wp-json\/wp\/v2\/posts"}],"about":[{"href":"https:\/\/fg.ull.es\/hemeroteca\/wp-json\/wp\/v2\/types\/post"}],"author":[{"embeddable":true,"href":"https:\/\/fg.ull.es\/hemeroteca\/wp-json\/wp\/v2\/users\/1"}],"replies":[{"embeddable":true,"href":"https:\/\/fg.ull.es\/hemeroteca\/wp-json\/wp\/v2\/comments?post=18590"}],"version-history":[{"count":0,"href":"https:\/\/fg.ull.es\/hemeroteca\/wp-json\/wp\/v2\/posts\/18590\/revisions"}],"wp:attachment":[{"href":"https:\/\/fg.ull.es\/hemeroteca\/wp-json\/wp\/v2\/media?parent=18590"}],"wp:term":[{"taxonomy":"category","embeddable":true,"href":"https:\/\/fg.ull.es\/hemeroteca\/wp-json\/wp\/v2\/categories?post=18590"},{"taxonomy":"post_tag","embeddable":true,"href":"https:\/\/fg.ull.es\/hemeroteca\/wp-json\/wp\/v2\/tags?post=18590"}],"curies":[{"name":"wp","href":"https:\/\/api.w.org\/{rel}","templated":true}]}}