{"id":18584,"date":"2015-05-18T09:10:25","date_gmt":"2015-05-18T09:10:25","guid":{"rendered":"http:\/\/www.fg.ull.es\/?p=18584"},"modified":"2015-05-18T09:10:25","modified_gmt":"2015-05-18T09:10:25","slug":"dos-ferias-de-cooperativas-escolares-y-mas-de-dos-mil-ninos-participantes-consolidan-el-proyecto-ensenar-para-emprender","status":"publish","type":"post","link":"https:\/\/fg.ull.es\/hemeroteca\/2015\/05\/18\/dos-ferias-de-cooperativas-escolares-y-mas-de-dos-mil-ninos-participantes-consolidan-el-proyecto-ensenar-para-emprender\/","title":{"rendered":"Dos Ferias de Cooperativas Escolares y m\u00e1s de dos mil ni\u00f1os participantes consolidan el proyecto &#039;Ense\u00f1ar para Emprender&#039;"},"content":{"rendered":"<h1>Dos Ferias de Cooperativas Escolares y m\u00e1s de dos mil ni\u00f1os participantes consolidan el proyecto &#8216;Ense\u00f1ar para Emprender&#8217;<\/h1>\n<p>&nbsp;<\/p>\n<h4>El pasado viernes,15 de mayo, se celebraba la segunda Feria de Cooperativas Escolares de esta anualidad en Puerto de la Cruz tras celebrarse esta misma semana la de La Laguna. A trav\u00e9s de esta iniciativa, los ni\u00f1os y ni\u00f1as han simulado la creaci\u00f3n y gesti\u00f3n de una cooperativa tomando decisiones y fabricando los\u00a0 productos que ofrecieron en ambas Ferias. <b><i><br \/>\n<\/i><\/b><\/h4>\n<p>&nbsp;<br \/>\nTras cinco ediciones consecutivas el proyecto educativo \u2018Ense\u00f1ar para Emprender\u2019 (EPE) culminaba el pasado viernes, 15 de mayo, su primera fase con la Feria de Cooperativas Escolares de Puerto de la Cruz. El municipio norte\u00f1o es la primera vez que acoge este encuentro de escolares que, hasta ahora, se ven\u00eda desarrollando en San Crist\u00f3bal de La Laguna. El proyecto no ha dejado de crecer en estos a\u00f1os, tanto en cuanto a participaci\u00f3n como en apoyos y agentes sociales e institucionales comprometidos. En esta edici\u00f3n se alcanzaban cifras r\u00e9cord de colegios y escolares implicados con dos mil quinientos ni\u00f1os y ni\u00f1as y sesenta y un centros educativos de toda la Isla. De estos, diecisiete se encuentran en la zona norte, trece en la zona sur y treinta y uno en la zona metropolitana. En todos los centros los escolares se organizan a trav\u00e9s de cooperativas cuyo funcionamiento es horizontal y asambleario; se han creado un total de ochenta cooperativas<br \/>\nEl pasado jueves 14 de mayo se celebraba la Feria de Cooperativas Escolares en La Laguna, traslad\u00e1ndose por primera vez a la zona de la Plaza de la Concepci\u00f3n y la calle San Agust\u00edn; y hoy, viernes 15 de mayo, se desarrollaba la propia Feria en la Plaza de Europa del Puerto de la Cruz. En ambos casos, a las 10 de la ma\u00f1ana se iniciaba la venta de productos que las cooperativas han venido elaborando durante los \u00faltimos meses: entraban en acci\u00f3n los comerciales que se acercaban a los transe\u00fantes cont\u00e1ndoles los detalles de sus productos, los encargados de publicidad paseaban con grandes carteles y pancartas que anunciaban su cooperativa, los encargados de caja se afanaban en cobrar y mantener las cuentas en orden o los responsables de la decoraci\u00f3n cuidaban que los productos estuvieran correctamente colocados y con una presencia est\u00e9tica y cuidada.<br \/>\nEntre el cat\u00e1logo de productos elaborados por los escolares se pod\u00edan encontrar desde neceseres, pendientes, jabones, aceites y vinagres arom\u00e1ticos, productos serigrafiados, portal\u00e1pices, camisas pintadas, carteras, trabajos de carpinter\u00eda hasta bolsas decorativas, imanes, libretas o coleteros. Adem\u00e1s, algunas cooperativas han incluido entre su cat\u00e1logo de productos las frutas y verduras que han recolectado en sus huertos escolares.<br \/>\nTras las Ferias, durante las pr\u00f3ximas semanas, se llevar\u00e1 a cabo la actividad \u201cLiquida y Comparte realizando un inventario de lo vendido y revisando los estatutos para ejecutar la distribuci\u00f3n de ganancias. Normalmente se suele proceder de la siguiente forma: primero, se recupera el dinero aportado inicialmente por cada alumno. En segundo lugar, se destina un porcentaje de sus ganancias a una asociaci\u00f3n u ONG elegida por cada cooperativa. Y, en tercer lugar, se utiliza el resto de las ganancias para realizar una actividad grupal como, por ejemplo, excursiones, viajes de fin de curso, etc.<br \/>\n<b>Fomentando la emprendedur\u00eda en edades tempranas<\/b><br \/>\n<i>Ense\u00f1ar para Emprender<\/i> es una iniciativa ejecutada por la Fundaci\u00f3n General de la Universidad de La Laguna, en colaboraci\u00f3n con el Cabildo de Tenerife y los ayuntamientos de La Laguna y Puerto de la Cruz. Se trata de un programa educativo de car\u00e1cter eminentemente pr\u00e1ctico y experiencial a trav\u00e9s del que ni\u00f1as y ni\u00f1os de diferentes centros educativos de toda la isla de Tenerife participan en la simulaci\u00f3n de la creaci\u00f3n de empresas cooperativas, realizando todo el recorrido necesario, con la implicaci\u00f3n de sus familias: desde la conceptualizaci\u00f3n del negocio, b\u00fasqueda de financiaci\u00f3n y tramitaci\u00f3n administrativa siempre desde un punto de vista l\u00fadico y divertido para ellos.<br \/>\nEn este proceso los ni\u00f1os y ni\u00f1as se ponen de acuerdo en los aspectos b\u00e1sicos para ello: \u00e1mbito, nombre, imagen, productos, formas de producci\u00f3n etc. Todo este itinerario se plantea desde el fomento de valores como el trabajo en equipo, la solidaridad o la igualdad. Adem\u00e1s, en todo momento se busca la implicaci\u00f3n de sus familias, con lo que el proceso es muy enriquecedor para todos los agentes implicados.<\/p>\n","protected":false},"excerpt":{"rendered":"<p>El pasado viernes,15 de mayo, se celebraba la segunda Feria de Cooperativas Escolares de esta anualidad en Puerto de la Cruz tras celebrarse esta misma semana la de La Laguna. A trav\u00e9s de esta iniciativa, los ni\u00f1os y ni\u00f1as han simulado la creaci\u00f3n y gesti\u00f3n de una cooperativa tomando decisiones y fabricando los  productos que ofrecieron en ambas Ferias. <\/p>\n","protected":false},"author":1,"featured_media":18585,"comment_status":"closed","ping_status":"closed","sticky":false,"template":"","format":"standard","meta":{"footnotes":""},"categories":[3],"tags":[173,533,541,672,1192,1353,1424],"featured_image_thumbnail_url":"https:\/\/fg.ull.es\/hemeroteca\/wp-content\/uploads\/sites\/14\/2015\/07\/un_instante_de_la_feria_de_cooperativas_escolares_de_puerto_de_la_cruzjpg-300x201.jpg","_links":{"self":[{"href":"https:\/\/fg.ull.es\/hemeroteca\/wp-json\/wp\/v2\/posts\/18584"}],"collection":[{"href":"https:\/\/fg.ull.es\/hemeroteca\/wp-json\/wp\/v2\/posts"}],"about":[{"href":"https:\/\/fg.ull.es\/hemeroteca\/wp-json\/wp\/v2\/types\/post"}],"author":[{"embeddable":true,"href":"https:\/\/fg.ull.es\/hemeroteca\/wp-json\/wp\/v2\/users\/1"}],"replies":[{"embeddable":true,"href":"https:\/\/fg.ull.es\/hemeroteca\/wp-json\/wp\/v2\/comments?post=18584"}],"version-history":[{"count":0,"href":"https:\/\/fg.ull.es\/hemeroteca\/wp-json\/wp\/v2\/posts\/18584\/revisions"}],"wp:featuredmedia":[{"embeddable":true,"href":"https:\/\/fg.ull.es\/hemeroteca\/wp-json\/wp\/v2\/media\/18585"}],"wp:attachment":[{"href":"https:\/\/fg.ull.es\/hemeroteca\/wp-json\/wp\/v2\/media?parent=18584"}],"wp:term":[{"taxonomy":"category","embeddable":true,"href":"https:\/\/fg.ull.es\/hemeroteca\/wp-json\/wp\/v2\/categories?post=18584"},{"taxonomy":"post_tag","embeddable":true,"href":"https:\/\/fg.ull.es\/hemeroteca\/wp-json\/wp\/v2\/tags?post=18584"}],"curies":[{"name":"wp","href":"https:\/\/api.w.org\/{rel}","templated":true}]}}