{"id":18581,"date":"2015-05-18T09:08:37","date_gmt":"2015-05-18T09:08:37","guid":{"rendered":"http:\/\/www.fg.ull.es\/?p=18581"},"modified":"2015-05-18T09:08:37","modified_gmt":"2015-05-18T09:08:37","slug":"la-primera-edicion-de-preparate-para-emprender-de-emprende-lalaguna-concluye-con-la-creacion-de-18-proyectos-empresariales","status":"publish","type":"post","link":"https:\/\/fg.ull.es\/hemeroteca\/2015\/05\/18\/la-primera-edicion-de-preparate-para-emprender-de-emprende-lalaguna-concluye-con-la-creacion-de-18-proyectos-empresariales\/","title":{"rendered":"La primera edici\u00f3n de &#039;Prep\u00e1rate para Emprender&#039; de Emprende.LaLaguna concluye con la creaci\u00f3n de 18 proyectos empresariales"},"content":{"rendered":"<h1>La primera edici\u00f3n de &#8216;Prep\u00e1rate para Emprender&#8217; de Emprende.LaLaguna concluye con la creaci\u00f3n de 18 proyectos empresariales<\/h1>\n<p>&nbsp;<\/p>\n<h4>Las personas participantes han madurado y analizado la viabilidad t\u00e9cnica y econ\u00f3mica de su modelo de negocio para implantarlo en el municipio. La pr\u00f3xima acci\u00f3n formativa del proyecto en el municipio ser\u00e1 una \u2018C\u00e1psula de Generaci\u00f3n de Ideas Empresariales\u2019 que se celebrar\u00e1 el pr\u00f3ximo 21 de mayo.<\/h4>\n<p>&nbsp;<br \/>\nLa primera edici\u00f3n del taller gratuito \u201cPrep\u00e1rate para Emprender\u201d del proyecto <i>Emprende.LaLaguna<\/i> finalizaba esta semana en las instalaciones de la Fundaci\u00f3n General de la Universidad de La Laguna. En esta actividad formativa han participado veinte ciudadanos y ciudadanas de La Laguna con inquietudes emprendedoras, que han madurado y analizado la viabilidad t\u00e9cnica de su modelo de negocio para implantarlo en el municipio. Durante el transcurso de la formaci\u00f3n, han surgido dieciocho proyectos empresariales de tem\u00e1ticas y sectores tan variados como la educaci\u00f3n, el emprendimiento social para atender a los colectivos m\u00e1s desfavorecidos, las energ\u00edas renovables o las TIC. Adem\u00e1s, tambi\u00e9n se han creado proyectos creativos con productos desarrollados por los propios emprendedores.<br \/>\nEl programa formativo de este taller ha estado compuesto por cinco m\u00f3dulos, en los que se abarcaron competencias como: el an\u00e1lisis de las propias capacidades, la elaboraci\u00f3n de la idea de negocio, estrategias de marketing, la organizaci\u00f3n y estructura de la empresa, el c\u00e1lculo de costes e inversiones y la implementaci\u00f3n y presentaci\u00f3n del proyecto. Tambi\u00e9n se han realizado, de manera complementaria, tutor\u00edas individualizadas de asesoramiento y una plataforma online de apoyo. Esta formaci\u00f3n tendr\u00e1 una segunda edici\u00f3n que comenzar\u00e1 a impartirse el 28 de mayo nuevamente en las instalaciones de la Fundaci\u00f3n General de la ULL.<br \/>\nIgualmente y de forma previa el proyecto<i> Emprende.LaLaguna<\/i> ofrece una formaci\u00f3n denominada \u2018C\u00e1psula de Generaci\u00f3n de Ideas Empresariales\u2019, que tendr\u00e1 lugar el pr\u00f3ximo jueves 21 de mayo en el Antiguo convento de Santo Domingo de 9 a 18 horas. La metodolog\u00eda a seguir ser\u00e1 muy din\u00e1mica con actividades fuera del aula, de forma que los participantes podr\u00e1n poner en pr\u00e1ctica los conocimientos adquiridos en la fase te\u00f3rica. Adem\u00e1s, se incidir\u00e1 especialmente en las capacidades personales y creativas de cada persona, prestando apoyo en la generaci\u00f3n de ideas y en su valoraci\u00f3n para determinar si pueden tener viabilidad en el mercado. El objetivo de esta formaci\u00f3n es que sus participantes sean capaces de transformar una idea de negocio en una empresa exitosa a largo plazo, as\u00ed como dar a conocer las diferentes herramientas y f\u00f3rmulas para saber detectar y generar ideas empresariales. La jornada se dividir\u00e1 en cuatro partes: introducci\u00f3n, motivaci\u00f3n, observaci\u00f3n y detecci\u00f3n. Al finalizar se realizar\u00e1 una puesta en com\u00fan de los resultados.<br \/>\nLas personas interesadas en esta actividad pueden inscribirse a trav\u00e9s de la sede electr\u00f3nica de la Fundaci\u00f3n General de la ULL. Para cualquier duda se puede escribir al correo <a href=\"mailto:emprendelalaguna@fg.ull.es\">emprendelalaguna@fg.ull.es<\/a> o llamar al\u00a0 tel\u00e9fono 922 31 97 14.<br \/>\n<b>Emprende.LaLaguna<\/b><br \/>\nEl objetivo principal de las acciones de <i>Emprende.LaLaguna<\/i> es ser un nexo de uni\u00f3n entre los diferentes agentes colaboradores y programas dirigidos a la creaci\u00f3n y consolidaci\u00f3n de empresas. Por ello, la formaci\u00f3n de personas con ideas emprendedoras, as\u00ed como la mejora de la calidad, potencialidad y consolidaci\u00f3n de sus iniciativas empresariales, es una labor b\u00e1sica e importante para la generaci\u00f3n del tejido empresarial de La Laguna. Partiendo de esta premisa, el proyecto aglutina una serie de acciones encaminadas a fomentar el emprendimiento entre la ciudadan\u00eda del municipio, as\u00ed como promover la consolidaci\u00f3n y supervivencia tanto de empresas de nueva creaci\u00f3n como empresas de un largo recorrido.<\/p>\n","protected":false},"excerpt":{"rendered":"<p>Las personas participantes han madurado y analizado la viabilidad t\u00e9cnica y econ\u00f3mica de su modelo de negocio para implantarlo en el municipio. La pr\u00f3xima acci\u00f3n formativa del proyecto en el municipio ser\u00e1 una \u2018C\u00e1psula de Generaci\u00f3n de Ideas Empresariales\u2019 que se celebrar\u00e1 el pr\u00f3ximo 21 de mayo.<\/p>\n","protected":false},"author":1,"featured_media":18582,"comment_status":"closed","ping_status":"closed","sticky":false,"template":"","format":"standard","meta":{"footnotes":""},"categories":[3],"tags":[173,533,541,672,1353,1424],"featured_image_thumbnail_url":"https:\/\/fg.ull.es\/hemeroteca\/wp-content\/uploads\/sites\/14\/2015\/07\/un_instante_de_la_ultima_sesion_de_preparate_para_emprenderjpg-300x201.jpg","_links":{"self":[{"href":"https:\/\/fg.ull.es\/hemeroteca\/wp-json\/wp\/v2\/posts\/18581"}],"collection":[{"href":"https:\/\/fg.ull.es\/hemeroteca\/wp-json\/wp\/v2\/posts"}],"about":[{"href":"https:\/\/fg.ull.es\/hemeroteca\/wp-json\/wp\/v2\/types\/post"}],"author":[{"embeddable":true,"href":"https:\/\/fg.ull.es\/hemeroteca\/wp-json\/wp\/v2\/users\/1"}],"replies":[{"embeddable":true,"href":"https:\/\/fg.ull.es\/hemeroteca\/wp-json\/wp\/v2\/comments?post=18581"}],"version-history":[{"count":0,"href":"https:\/\/fg.ull.es\/hemeroteca\/wp-json\/wp\/v2\/posts\/18581\/revisions"}],"wp:featuredmedia":[{"embeddable":true,"href":"https:\/\/fg.ull.es\/hemeroteca\/wp-json\/wp\/v2\/media\/18582"}],"wp:attachment":[{"href":"https:\/\/fg.ull.es\/hemeroteca\/wp-json\/wp\/v2\/media?parent=18581"}],"wp:term":[{"taxonomy":"category","embeddable":true,"href":"https:\/\/fg.ull.es\/hemeroteca\/wp-json\/wp\/v2\/categories?post=18581"},{"taxonomy":"post_tag","embeddable":true,"href":"https:\/\/fg.ull.es\/hemeroteca\/wp-json\/wp\/v2\/tags?post=18581"}],"curies":[{"name":"wp","href":"https:\/\/api.w.org\/{rel}","templated":true}]}}