{"id":18578,"date":"2015-05-18T09:06:35","date_gmt":"2015-05-18T09:06:35","guid":{"rendered":"http:\/\/www.fg.ull.es\/?p=18578"},"modified":"2015-05-18T09:06:35","modified_gmt":"2015-05-18T09:06:35","slug":"la-unidad-de-igualdad-de-genero-de-la-ull-presenta-unas-jornadas-de-difusion-del-protocolo-de-deteccion-del-acoso-sexual-y-sexista","status":"publish","type":"post","link":"https:\/\/fg.ull.es\/hemeroteca\/2015\/05\/18\/la-unidad-de-igualdad-de-genero-de-la-ull-presenta-unas-jornadas-de-difusion-del-protocolo-de-deteccion-del-acoso-sexual-y-sexista\/","title":{"rendered":"La Unidad de Igualdad de G\u00e9nero de la ULL presenta unas jornadas de difusi\u00f3n del protocolo de detecci\u00f3n del acoso sexual y sexista"},"content":{"rendered":"<h1>La Unidad de Igualdad de G\u00e9nero de la ULL presenta unas jornadas de difusi\u00f3n del protocolo de detecci\u00f3n del acoso sexual y sexista<\/h1>\n<p>&nbsp;<\/p>\n<h4>Las jornadas tendr\u00e1n lugar hoy, 18 de mayo, en horario de 9 a 11.30 en el sal\u00f3n de actos de Ciencias de la Informaci\u00f3n. Posteriormente, de 12 a 15 horas se realizar\u00e1 un foro de debate.<\/h4>\n<p>&nbsp;<br \/>\nLa Unidad de Igualdad de G\u00e9nero de la Universidad de La Laguna ha organizado\u00a0las Jornadas Intercampus para la difusi\u00f3n del Protocolo para la Detecci\u00f3n, Prevenci\u00f3n y Actuaci\u00f3n en los supuestos de Acoso Sexual y de Acoso Sexista del centro acad\u00e9mico, aprobado en Consejo de Gobierno de 22 de diciembre de 2014, as\u00ed como el foro de debate para la generaci\u00f3n de recursos de coordinaci\u00f3n en la atenci\u00f3n a las v\u00edctimas de violencia de g\u00e9nero entre las diversas entidades, que se celebrar\u00e1 a continuaci\u00f3n. Ambas actividades tendr\u00e1n lugar el pr\u00f3ximo lunes 18 de mayo en horario de 9 a 11.30 (jornadas) y de 12 a 15 horas (foro de debate) en el sal\u00f3n de actos de Ciencias de la Informaci\u00f3n.<br \/>\nEn primer lugar, se presentar\u00e1 p\u00fablicamente el recientemente aprobado Protocolo, para lo cual se ha invitado al acto divulgativo a aquellas instituciones que han colaborado con la Unidad de Igualdad de G\u00e9nero de la ULL y que tienen competencias e intereses relacionados: Unidad de Mujer y Ciencia del Secretariado I+D+I del Ministerio de Econom\u00eda y Competitividad, Subdirecci\u00f3n de Investigaci\u00f3n del Instituto Nacional de la Mujer, responsables de Igualdad de los Cabildos Insulares de Gran Canaria y de Tenerife, la Unidad de Igualdad de la Universidad de Las Palmas de Gran Canaria, Instituto Canario de Igualdad e Instituto Universitarios de Estudios de las Mujeres de la ULL.<br \/>\nEn segundo lugar, se pretende que estas jornadas y su foro posterior sean un punto de encuentro entre representantes de diferentes instituciones con el prop\u00f3sito de abrir canales de comunicaci\u00f3n y generar recursos para \u00a0la coordinaci\u00f3n de medidas de atenci\u00f3n a las v\u00edctimas de las diferentes formas de violencias de g\u00e9nero, en el entorno universitario y en el entorno social\u00a0circundante.<br \/>\nEstas actividades se realizan en el marco de las acciones llevadas a cabo por la\u00a0Unidad de Igualdad de G\u00e9nero a lo largo de este a\u00f1o para\u00a0difundir esta nueva herramienta,\u00a0en cumplimiento del\u00a0I Plan de Igualdad de G\u00e9nero de la Universidad de La Laguna, que abarca el periodo 2014-17.<br \/>\n*Nota de prensa cedida por el gabinete de comunicaci\u00f3n de la ULL<\/p>\n","protected":false},"excerpt":{"rendered":"<p>Las jornadas tendr\u00e1n lugar hoy, 18 de mayo, en horario de 9 a 11.30 en el sal\u00f3n de actos de Ciencias de la Informaci\u00f3n. Posteriormente, de 12 a 15 horas se realizar\u00e1 un foro de debate.<\/p>\n","protected":false},"author":1,"featured_media":18579,"comment_status":"closed","ping_status":"closed","sticky":false,"template":"","format":"standard","meta":{"footnotes":""},"categories":[5],"tags":[173,672,788,1353,1424],"featured_image_thumbnail_url":"https:\/\/fg.ull.es\/hemeroteca\/wp-content\/uploads\/sites\/14\/2015\/07\/cartel_de_las_jornadas_y_del_foro_de_debatejpg-300x169.jpg","_links":{"self":[{"href":"https:\/\/fg.ull.es\/hemeroteca\/wp-json\/wp\/v2\/posts\/18578"}],"collection":[{"href":"https:\/\/fg.ull.es\/hemeroteca\/wp-json\/wp\/v2\/posts"}],"about":[{"href":"https:\/\/fg.ull.es\/hemeroteca\/wp-json\/wp\/v2\/types\/post"}],"author":[{"embeddable":true,"href":"https:\/\/fg.ull.es\/hemeroteca\/wp-json\/wp\/v2\/users\/1"}],"replies":[{"embeddable":true,"href":"https:\/\/fg.ull.es\/hemeroteca\/wp-json\/wp\/v2\/comments?post=18578"}],"version-history":[{"count":0,"href":"https:\/\/fg.ull.es\/hemeroteca\/wp-json\/wp\/v2\/posts\/18578\/revisions"}],"wp:featuredmedia":[{"embeddable":true,"href":"https:\/\/fg.ull.es\/hemeroteca\/wp-json\/wp\/v2\/media\/18579"}],"wp:attachment":[{"href":"https:\/\/fg.ull.es\/hemeroteca\/wp-json\/wp\/v2\/media?parent=18578"}],"wp:term":[{"taxonomy":"category","embeddable":true,"href":"https:\/\/fg.ull.es\/hemeroteca\/wp-json\/wp\/v2\/categories?post=18578"},{"taxonomy":"post_tag","embeddable":true,"href":"https:\/\/fg.ull.es\/hemeroteca\/wp-json\/wp\/v2\/tags?post=18578"}],"curies":[{"name":"wp","href":"https:\/\/api.w.org\/{rel}","templated":true}]}}