{"id":18565,"date":"2015-05-18T08:56:22","date_gmt":"2015-05-18T08:56:22","guid":{"rendered":"http:\/\/www.fg.ull.es\/?p=18565"},"modified":"2015-05-18T08:56:22","modified_gmt":"2015-05-18T08:56:22","slug":"el-proyecto-barrios-por-el-empleo-red-empresarial-de-barrio-comienza-la-dinamizacion-del-tejido-empresarial-en-los-nucleos-de-santa-maria-del-mar-y-alisios","status":"publish","type":"post","link":"https:\/\/fg.ull.es\/hemeroteca\/2015\/05\/18\/el-proyecto-barrios-por-el-empleo-red-empresarial-de-barrio-comienza-la-dinamizacion-del-tejido-empresarial-en-los-nucleos-de-santa-maria-del-mar-y-alisios\/","title":{"rendered":"El proyecto &#039;Barrios por el Empleo: Red Empresarial de Barrio&#039; comienza la dinamizaci\u00f3n del tejido empresarial en los n\u00facleos de Santa Mar\u00eda del Mar y Alisios"},"content":{"rendered":"<h1>El proyecto &#8216;Barrios por el Empleo: Red Empresarial de Barrio&#8217; comienza la dinamizaci\u00f3n del tejido empresarial en los n\u00facleos de Santa Mar\u00eda del Mar y Alisios<\/h1>\n<p>&nbsp;<\/p>\n<h4>A trav\u00e9s este proyecto se ha iniciado un trabajo de dinamizaci\u00f3n del tejido empresarial en los n\u00facleos de Santa Mar\u00eda del Mar y Alisios, en Santa Cruz, con el objetivo de favorecer la dinamizaci\u00f3n del empresariado local que desemboque en la generaci\u00f3n de puestos de trabajo que puedan ser cubiertos por personas desempleadas adecuadamente preparadas.<\/h4>\n<p>&nbsp;<br \/>\nEl Cabildo de Tenerife, a trav\u00e9s del programa <i>Barrios por el Empleo: Juntos m\u00e1s Fuertes<\/i>, ha iniciado un trabajo de dinamizaci\u00f3n del tejido empresarial en los n\u00facleos de Santa Mar\u00eda del Mar y Alisios, en Santa Cruz,\u00a0 con el objetivo de favorecer la dinamizaci\u00f3n del empresariado local que desemboque en la generaci\u00f3n de puestos de trabajo que puedan ser cubiertos por personas desempleadas adecuadamente preparadas.<br \/>\nEn este sentido, el pasado mes de marzo comenz\u00f3 un proceso de trabajo con el empresariado de estos barrios interesados en colaborar en esta iniciativa, denominada <i>Barrios por el Empleo: Red Empresarial de Barrio,<\/i> con un encuentro inicial para conocer los problemas generales del sector y valorar oportunidades y l\u00edneas de actuaci\u00f3n para su mejora, haciendo especial hincapi\u00e9 en cuestiones como el desarrollo de nuevas empresas complementarias a las existentes, la generaci\u00f3n de nuevo empleo y la realizaci\u00f3n de actividades conjuntas.<br \/>\n<i>Barrios por el Empleo: Red Empresarial de Barrio<\/i>, est\u00e1 financiada por la Fundaci\u00f3n Canaria Insular para la Formaci\u00f3n, el Empleo y el Desarrollo Empresarial, Fifede, y gestionada por la Fundaci\u00f3n General de la Universidad de La Laguna. Pretende ofrecer al empresariado local de las zonas en las que se desarrolla el proyecto la oportunidad de recibir apoyo y acompa\u00f1amiento ante las dificultades e inquietudes propias del sector empresarial, con el fin de hacer surgir nuevas oportunidades de empleo que puedan ser cubiertas por personas desempleadas adecuadamente formadas.<br \/>\nLa intenci\u00f3n de la Corporaci\u00f3n insular es que el contacto directo y permanente con el sector empresarial local permita al equipo t\u00e9cnico de <i>Barrios por el Empleo: Juntos m\u00e1s fuertes<\/i> organizar y preparar las actividades vinculadas con el desarrollo de las pr\u00e1cticas laborales de las personas que participan, fomentando tambi\u00e9n que se involucre el empresariado. Adem\u00e1s se pretende colaborar en la mejora general del sector empresarial de cada territorio en que se interviene, de modo que se pueda configurar el contexto socioecon\u00f3mico m\u00e1s adecuado que impulse la contrataci\u00f3n o que desvele nuevas oportunidades de emprendimiento.<br \/>\nEn definitiva, se trata de motivar a las empresas de estos barrios para canalizar la oferta laboral que generan hacia la demanda de trabajo detectada. Los empresarios se beneficiar\u00e1n del env\u00edo peri\u00f3dico de informaci\u00f3n que les puede resultar de inter\u00e9s. Y adem\u00e1s, encontrar\u00e1n respuesta a los principales retos que tiene planteados, en muchos casos inalcanzables para una acci\u00f3n individualizada pero s\u00ed para una iniciativa m\u00e1s colectiva.<br \/>\nDurante los encuentros con representantes de diferentes empresas de estas zonas se establecieron dos l\u00edneas centrales de actuaci\u00f3n para buscar las posibles acciones a realizar para resolver las dificultades, que se centran en la adecuaci\u00f3n de las infraestructuras esenciales y las conexiones de la zona, junto a la mejora del espacio y de los servicios p\u00fablicos y privados, y por otro lado, en el conocimiento mutuo entre las empresas locales para fortalecer su acci\u00f3n conjunta y apostar por su proyecci\u00f3n social.<br \/>\n*Nota de prensa y fotograf\u00eda cedidas por el gabinete de comunicaci\u00f3n del Cabildo de Tenerife<\/p>\n","protected":false},"excerpt":{"rendered":"<p>A trav\u00e9s este proyecto se ha iniciado un trabajo de dinamizaci\u00f3n del tejido empresarial en los n\u00facleos de Santa Mar\u00eda del Mar y Alisios, en Santa Cruz, con el objetivo de favorecer la dinamizaci\u00f3n del empresariado local que desemboque en la generaci\u00f3n de puestos de trabajo que puedan ser cubiertos por personas desempleadas adecuadamente preparadas.<\/p>\n","protected":false},"author":1,"featured_media":18567,"comment_status":"closed","ping_status":"closed","sticky":false,"template":"","format":"standard","meta":{"footnotes":""},"categories":[3],"tags":[173,518,671,672,1079,1353,1424],"featured_image_thumbnail_url":"https:\/\/fg.ull.es\/hemeroteca\/wp-content\/uploads\/sites\/14\/2015\/07\/uno_de_los_encuentros_celebradosjpg-300x225.jpg","_links":{"self":[{"href":"https:\/\/fg.ull.es\/hemeroteca\/wp-json\/wp\/v2\/posts\/18565"}],"collection":[{"href":"https:\/\/fg.ull.es\/hemeroteca\/wp-json\/wp\/v2\/posts"}],"about":[{"href":"https:\/\/fg.ull.es\/hemeroteca\/wp-json\/wp\/v2\/types\/post"}],"author":[{"embeddable":true,"href":"https:\/\/fg.ull.es\/hemeroteca\/wp-json\/wp\/v2\/users\/1"}],"replies":[{"embeddable":true,"href":"https:\/\/fg.ull.es\/hemeroteca\/wp-json\/wp\/v2\/comments?post=18565"}],"version-history":[{"count":0,"href":"https:\/\/fg.ull.es\/hemeroteca\/wp-json\/wp\/v2\/posts\/18565\/revisions"}],"wp:featuredmedia":[{"embeddable":true,"href":"https:\/\/fg.ull.es\/hemeroteca\/wp-json\/wp\/v2\/media\/18567"}],"wp:attachment":[{"href":"https:\/\/fg.ull.es\/hemeroteca\/wp-json\/wp\/v2\/media?parent=18565"}],"wp:term":[{"taxonomy":"category","embeddable":true,"href":"https:\/\/fg.ull.es\/hemeroteca\/wp-json\/wp\/v2\/categories?post=18565"},{"taxonomy":"post_tag","embeddable":true,"href":"https:\/\/fg.ull.es\/hemeroteca\/wp-json\/wp\/v2\/tags?post=18565"}],"curies":[{"name":"wp","href":"https:\/\/api.w.org\/{rel}","templated":true}]}}