{"id":18557,"date":"2015-05-18T08:51:56","date_gmt":"2015-05-18T08:51:56","guid":{"rendered":"http:\/\/www.fg.ull.es\/?p=18557"},"modified":"2015-05-18T08:51:56","modified_gmt":"2015-05-18T08:51:56","slug":"convierte-tu-basura-en-un-recurso-gana-el-concurso-crea-y-recicla-en-la-universidad-de-la-laguna","status":"publish","type":"post","link":"https:\/\/fg.ull.es\/hemeroteca\/2015\/05\/18\/convierte-tu-basura-en-un-recurso-gana-el-concurso-crea-y-recicla-en-la-universidad-de-la-laguna\/","title":{"rendered":"&#039;Convierte tu basura en un recurso&#039; gana el concurso &#039;Crea y Recicla&#039; en la Universidad de La Laguna"},"content":{"rendered":"<h1>&#8216;Convierte tu basura en un recurso&#8217; gana el concurso &#8216;Crea y Recicla&#8217; en la Universidad de La Laguna<\/h1>\n<p>&nbsp;<\/p>\n<h4>La entrega de premios del concurso &#8216;Crea y Recicla&#8217; en la ULL se celebr\u00f3 el pasado viernes, 15 de mayo. El ganador fue \u201cConvierte tu basura en un recurso\u201d, una pieza presentada por Esther de la Paz Cabrera, estudiante de Ingenier\u00eda Qu\u00edmica.<\/h4>\n<p>&nbsp;<br \/>\nEl pasado viernes, 15 de mayo, tuvo lugar la entrega de premios de la primera Edici\u00f3n del concurso &#8216;Crea y Recicla&#8217; en la Universidad de La Laguna. El acto fue presentado por el humorista canario Dario L\u00f3pez, Palante producciones, y cont\u00f3 con la presencia del Rector de la Universidad de La Laguna, Eduardo Dom\u00e9nech, y la Directora General de la Fundaci\u00f3n Canarias Recicla, Carlota Cruz.<br \/>\nEl objetivo del certamen era premiar con un viaje para cuatro personas a la mejor pieza audiovisual, producida por estudiantes, que fomentara conductas sostenibles, promocionara la correcta gesti\u00f3n de los residuos y promocionara el uso del contenedor amarillo.<br \/>\nEntre los cortometrajes a concurso el ganador fue \u201cConvierte tu basura en un recurso\u201d, una pieza presentada por Esther de la Paz Cabrera, estudiante de Ingenier\u00eda Qu\u00edmica de la Universidad de La Laguna, que ha tenido alta viralidad en la redes sociales y que ha destacado entre el resto de finalistas, por su creatividad y coherencia con los objetivos del proyecto.<br \/>\nEl concurso se enmarca dentro del proyecto &#8216;Crea y Recicla&#8217;, una iniciativa del Gobierno de Canarias y Ecoembes, la organizaci\u00f3n que cuida el medioambiente a trav\u00e9s del reciclaje y el ecodise\u00f1o de los envases en Espa\u00f1a, en colaboraci\u00f3n con los siete Cabildos Insulares, la Fundaci\u00f3n Universitaria de Las Palmas y la Universidad de La Laguna. Un proyecto \u00a0gestionado por la Fundaci\u00f3n Canarias Recicla.<br \/>\n&#8216;Crea y Recicla&#8217; tiene por objetivo promocionar y difundir los beneficios de la separaci\u00f3n selectiva de residuos entre la poblaci\u00f3n juvenil de las Islas Canarias y el fomento del uso del contenedor amarillo a trav\u00e9s de un ejercicio de co-creaci\u00f3n que potencie el pensamiento creativo de los j\u00f3venes universitarios generando materiales de concienciaci\u00f3n ciudadana innovadores. Como consecuencia del proyecto, se sensibilizar\u00e1 a la poblaci\u00f3n juvenil, se generar\u00e1n contenidos audiovisuales para su difusi\u00f3n en redes sociales y se crear\u00e1 una red de j\u00f3venes prescriptores ambientales.<br \/>\n<b>Sobre Ecoembes<\/b><br \/>\n<a href=\"http:\/\/www.ecoembes.com\">Ecoembes<\/a>\u00a0 es la entidad sin \u00e1nimo de lucro que gestiona la recuperaci\u00f3n y el reciclaje de los envases de pl\u00e1stico, las latas y los briks (contenedor amarillo) y los envases de cart\u00f3n y papel (contenedor azul) en toda Espa\u00f1a.<br \/>\nEn 2014, se reciclaron m\u00e1s de 1,2 millones de toneladas de envases ligeros y envases de cart\u00f3n y papel en todo el territorio nacional, alcanzando una tasa de reciclado de 73,7%. Gracias a este porcentaje, se evit\u00f3 la emisi\u00f3n de 1,2 millones de toneladas de CO2 a la atm\u00f3sfera, que equivale a retirar el 25% de los veh\u00edculos censados en la ciudad de Madrid. La reducci\u00f3n de gases contaminantes no ha sido el \u00fanico beneficio que se ha logrdo a nivel ambiental. En el trascurso de 2014, tambi\u00e9n se ha evitado el consumo de 3 millones de MWh, lo que equivale al gasto anual de energ\u00eda del 31% de los smartphones que hay en Espa\u00f1a, y de 24,5 millones de metros c\u00fabicos de agua, el equivalente al consumo de 400.000 personas.<br \/>\n*Nota de prensa y fotograf\u00eda cedidas por la Fundaci\u00f3n Canarias Recicla<\/p>\n","protected":false},"excerpt":{"rendered":"<p>La entrega de premios del concurso &#8216;Crea y Recicla&#8217; en la ULL se celebr\u00f3 el pasado viernes, 15 de mayo. El ganador fue \u201cConvierte tu basura en un recurso\u201d, una pieza presentada por Esther de la Paz Cabrera, estudiante de Ingenier\u00eda Qu\u00edmica.<\/p>\n","protected":false},"author":1,"featured_media":18558,"comment_status":"closed","ping_status":"closed","sticky":false,"template":"","format":"standard","meta":{"footnotes":""},"categories":[8],"tags":[173,821,1424],"featured_image_thumbnail_url":"https:\/\/fg.ull.es\/hemeroteca\/wp-content\/uploads\/sites\/14\/2015\/07\/un_instante_de_la_entrega_de_premiosjpg-300x169.jpg","_links":{"self":[{"href":"https:\/\/fg.ull.es\/hemeroteca\/wp-json\/wp\/v2\/posts\/18557"}],"collection":[{"href":"https:\/\/fg.ull.es\/hemeroteca\/wp-json\/wp\/v2\/posts"}],"about":[{"href":"https:\/\/fg.ull.es\/hemeroteca\/wp-json\/wp\/v2\/types\/post"}],"author":[{"embeddable":true,"href":"https:\/\/fg.ull.es\/hemeroteca\/wp-json\/wp\/v2\/users\/1"}],"replies":[{"embeddable":true,"href":"https:\/\/fg.ull.es\/hemeroteca\/wp-json\/wp\/v2\/comments?post=18557"}],"version-history":[{"count":0,"href":"https:\/\/fg.ull.es\/hemeroteca\/wp-json\/wp\/v2\/posts\/18557\/revisions"}],"wp:featuredmedia":[{"embeddable":true,"href":"https:\/\/fg.ull.es\/hemeroteca\/wp-json\/wp\/v2\/media\/18558"}],"wp:attachment":[{"href":"https:\/\/fg.ull.es\/hemeroteca\/wp-json\/wp\/v2\/media?parent=18557"}],"wp:term":[{"taxonomy":"category","embeddable":true,"href":"https:\/\/fg.ull.es\/hemeroteca\/wp-json\/wp\/v2\/categories?post=18557"},{"taxonomy":"post_tag","embeddable":true,"href":"https:\/\/fg.ull.es\/hemeroteca\/wp-json\/wp\/v2\/tags?post=18557"}],"curies":[{"name":"wp","href":"https:\/\/api.w.org\/{rel}","templated":true}]}}