{"id":18551,"date":"2015-05-15T08:46:48","date_gmt":"2015-05-15T08:46:48","guid":{"rendered":"http:\/\/www.fg.ull.es\/?p=18551"},"modified":"2015-05-15T08:46:48","modified_gmt":"2015-05-15T08:46:48","slug":"mil-quinientos-ninos-y-ninas-llevan-sus-cooperativas-escolares-a-la-laguna","status":"publish","type":"post","link":"https:\/\/fg.ull.es\/hemeroteca\/2015\/05\/15\/mil-quinientos-ninos-y-ninas-llevan-sus-cooperativas-escolares-a-la-laguna\/","title":{"rendered":"Mil quinientos ni\u00f1os y ni\u00f1as llevan sus cooperativas escolares a La Laguna"},"content":{"rendered":"<h1>Mil quinientos ni\u00f1os y ni\u00f1as llevan sus cooperativas escolares a La Laguna<\/h1>\n<p>&nbsp;<\/p>\n<h4>La feria se celebr\u00f3 ayer, 14 de mayo, en la zona de La Concepci\u00f3n con la participaci\u00f3n de escolares 31 centros de la zona metropolitana y sur de la Isla.\u201cEnse\u00f1ar para Emprender\u201d es un proyecto educativo de car\u00e1cter eminentemente pr\u00e1ctico y experiencial en el que el alumnado participa en la simulaci\u00f3n de la creaci\u00f3n de empresas cooperativas.<\/h4>\n<p>&nbsp;<br \/>\nUn a\u00f1o m\u00e1s, los ni\u00f1os y ni\u00f1as participantes en el proyecto \u2018Ense\u00f1ar para Emprender\u2019 han simulado la experiencia de ser empresarios a trav\u00e9s de la venta de productos creados en sus cooperativas escolares. Esta es la quinta ocasi\u00f3n que el municipio de La Laguna acoge la \u2018Feria de Cooperativas Escolares\u2019, en la que se han dado cita sesenta y nueve cooperativas escolares creadas dentro del marco del proyecto. En total, han participado 1.500 estudiantes de treinta y un centros educativos de La Laguna, Santa Cruz de Tenerife, Tacoronte, Tegueste y algunos de la zona sur de la Isla.<br \/>\nLa Feria arrancaba a las 10 horas en la plaza de La Concepci\u00f3n y en la calle San Agust\u00edn y hasta su momento de cierre a las 13 horas cont\u00f3 con una gran afluencia y participaci\u00f3n de p\u00fablico. Tras su llegada a las 9 horas, los escolares se afanaban en colocar sus productos en los stands que ten\u00edan habilitados para ello: decoraban las mesas y el techo de las carpas, pon\u00edan su carta de precios, etc. Una hora despu\u00e9s, a las 10 de la ma\u00f1ana se daba el pistoletazo de salida a la Feria, inici\u00e1ndose la venta de productos que las cooperativas han venido elaborando durante los \u00faltimos meses: los comerciales se acercaban a los transe\u00fantes cont\u00e1ndoles los detalles de sus productos, los encargados de publicidad paseaban con grandes carteles y pancartas que anunciaban su cooperativa, los encargados de caja se afanaban en cobrar y mantener las cuentas en orden o los responsables de la decoraci\u00f3n cuidaban que los productos estuvieran correctamente colocados y con una presencia est\u00e9tica y cuidada.<br \/>\nEn torno a las 10:30 de la ma\u00f1ana, la concejala de Educaci\u00f3n y Fiestas, Cruci D\u00edaz, el concejal de Desarrollo Rural y Comercio, Juan Antonio Alonso, y el vicerrector de Internacionalizaci\u00f3n e Investigaci\u00f3n de la Universidad de La Laguna, Rodrigo Trujillo, dedicaron unas breves palabras a los ni\u00f1os y ni\u00f1as, destacando su trabajo y labor, e invitando al p\u00fablico a que se animase a comprar los productos de los escolares.<br \/>\nEntre el amplio cat\u00e1logo de productos elaborados por los escolares se pod\u00edan encontrar desde neceseres, pendientes, jabones, aceites y vinagres arom\u00e1ticos, productos serigrafiados, portal\u00e1pices, camisas pintadas, carteras, trabajos de carpinter\u00eda hasta bolsas decorativas, imanes, libretas o coleteros. En muchos casos han utilizado materiales reciclados como papel, piedras, conchas de playa, pl\u00e1stico, cart\u00f3n o latas con la intenci\u00f3n de sensibilizarles en cuanto al respeto medioambiental. Adem\u00e1s, algunas cooperativas han incluido entre su cat\u00e1logo de productos las frutas y verduras que han recolectado en sus huertos escolares.<br \/>\nLos beneficios obtenidos durante esta jornada de mercado se destinar\u00e1n a diferentes ONG\u00b4s o asociaciones no lucrativas, de manera que el alumnado compruebe de forma t\u00e1cita que, con peque\u00f1os esfuerzos, se pueden alcanzar grandes logros.<br \/>\n<b>Fomentando la emprendedur\u00eda en edades tempranas<\/b><br \/>\n<i>Ense\u00f1ar para Emprender<\/i> es una iniciativa ejecutada por la Fundaci\u00f3n General de la Universidad de La Laguna, en colaboraci\u00f3n con el Cabildo de Tenerife y los ayuntamientos de La Laguna y Puerto de la Cruz. Se trata de un programa educativo de car\u00e1cter eminentemente pr\u00e1ctico y experiencial a trav\u00e9s del que ni\u00f1as y ni\u00f1os de diferentes centros educativos de toda la isla de Tenerife participan en la simulaci\u00f3n de la creaci\u00f3n de empresas cooperativas, realizando todo el recorrido necesario, con la implicaci\u00f3n de sus familias: desde la conceptualizaci\u00f3n del negocio, b\u00fasqueda de financiaci\u00f3n y tramitaci\u00f3n administrativa siempre desde un punto de vista l\u00fadico y divertido para ellos.<br \/>\nEn este proceso los ni\u00f1os y ni\u00f1as se ponen de acuerdo en los aspectos b\u00e1sicos para ello: \u00e1mbito, nombre, imagen, productos, formas de producci\u00f3n etc. Todo este itinerario se plantea desde el fomento de valores como el trabajo en equipo, la solidaridad o la igualdad. Adem\u00e1s, en todo momento se busca la implicaci\u00f3n de sus familias, con lo que el proceso es muy enriquecedor para todos los agentes implicados.<\/p>\n","protected":false},"excerpt":{"rendered":"<p>La feria se celebr\u00f3 ayer, 14 de mayo, en la zona de La Concepci\u00f3n con la participaci\u00f3n de escolares 31 centros de la zona metropolitana y sur de la Isla.\u201cEnse\u00f1ar para Emprender\u201d es un proyecto educativo de car\u00e1cter eminentemente pr\u00e1ctico y experiencial en el que el alumnado participa en la simulaci\u00f3n de la creaci\u00f3n de empresas cooperativas.<\/p>\n","protected":false},"author":1,"featured_media":18552,"comment_status":"closed","ping_status":"closed","sticky":false,"template":"","format":"standard","meta":{"footnotes":""},"categories":[3],"tags":[173,533,541,672,1192,1353,1424],"featured_image_thumbnail_url":"https:\/\/fg.ull.es\/hemeroteca\/wp-content\/uploads\/sites\/14\/2015\/07\/uno_de_los_stands_de_los_ninos_y_ninas_participantes_en_la_feriajpg-300x201.jpg","_links":{"self":[{"href":"https:\/\/fg.ull.es\/hemeroteca\/wp-json\/wp\/v2\/posts\/18551"}],"collection":[{"href":"https:\/\/fg.ull.es\/hemeroteca\/wp-json\/wp\/v2\/posts"}],"about":[{"href":"https:\/\/fg.ull.es\/hemeroteca\/wp-json\/wp\/v2\/types\/post"}],"author":[{"embeddable":true,"href":"https:\/\/fg.ull.es\/hemeroteca\/wp-json\/wp\/v2\/users\/1"}],"replies":[{"embeddable":true,"href":"https:\/\/fg.ull.es\/hemeroteca\/wp-json\/wp\/v2\/comments?post=18551"}],"version-history":[{"count":0,"href":"https:\/\/fg.ull.es\/hemeroteca\/wp-json\/wp\/v2\/posts\/18551\/revisions"}],"wp:featuredmedia":[{"embeddable":true,"href":"https:\/\/fg.ull.es\/hemeroteca\/wp-json\/wp\/v2\/media\/18552"}],"wp:attachment":[{"href":"https:\/\/fg.ull.es\/hemeroteca\/wp-json\/wp\/v2\/media?parent=18551"}],"wp:term":[{"taxonomy":"category","embeddable":true,"href":"https:\/\/fg.ull.es\/hemeroteca\/wp-json\/wp\/v2\/categories?post=18551"},{"taxonomy":"post_tag","embeddable":true,"href":"https:\/\/fg.ull.es\/hemeroteca\/wp-json\/wp\/v2\/tags?post=18551"}],"curies":[{"name":"wp","href":"https:\/\/api.w.org\/{rel}","templated":true}]}}