{"id":18549,"date":"2015-05-15T08:45:40","date_gmt":"2015-05-15T08:45:40","guid":{"rendered":"http:\/\/www.fg.ull.es\/?p=18549"},"modified":"2015-05-15T08:45:40","modified_gmt":"2015-05-15T08:45:40","slug":"hoy-se-celebra-la-feria-de-cooperativas-escolares-en-el-puerto-de-la-cruz","status":"publish","type":"post","link":"https:\/\/fg.ull.es\/hemeroteca\/2015\/05\/15\/hoy-se-celebra-la-feria-de-cooperativas-escolares-en-el-puerto-de-la-cruz\/","title":{"rendered":"Hoy se celebra la &#039;Feria de Cooperativas Escolares&#039; en el Puerto de la Cruz"},"content":{"rendered":"<h1>Hoy se celebra la &#8216;Feria de Cooperativas Escolares&#8217; en el Puerto de la Cruz<\/h1>\n<p>&nbsp;<\/p>\n<h4>La feria se celebra hoy [viernes 15 de mayo], en la Plaza de Europa de 10 a 13 horas y cuenta con la participaci\u00f3n de 540 ni\u00f1os y ni\u00f1as. Participan las 22 cooperativas escolares que se han creado en los 14 centros educativos de la zona norte de la Isla\u00a0 participantes en el proyecto \u201cEnse\u00f1ar Para Emprender\u201d.<\/h4>\n<p>&nbsp;<br \/>\nEl municipio del Puerto de la Cruz acoge por primera vez una de las \u2018Ferias de Cooperativas Escolares\u2019 de la iniciativa pedag\u00f3gica \u201cEnse\u00f1ar para Emprender\u201d. Este evento se desarrolla en la Plaza de Europa del municipio de 10 a 13 horas y en \u00e9l participan 540 ni\u00f1os y ni\u00f1as de catorce centros escolares de la zona norte.\u00a0 En total, son veintid\u00f3s cooperativas escolares las que tratan de vender sus productos en esta feria, que es posible gracias a la colaboraci\u00f3n entre el Ayuntamiento de Puerto de la Cruz, la consejer\u00eda de Educaci\u00f3n del Gobierno de Canarias y la Fundaci\u00f3n General de la Universidad de La Laguna. Cada cooperativa cuenta con un stand donde se exponen y venden los productos que han elaborado. De manera complementaria se \u00a0desarrollar\u00e1n actividades y talleres l\u00fadicos.<br \/>\nEl listado de productos que venden los escolares en la Feria es muy variado, destacando como principal novedad la venta de productos alimenticios caseros e infusiones elaboradas a base de la planta <i>moringa<\/i>, que tiene propiedades beneficiosas para la salud. Adem\u00e1s, algunas cooperativas han incluido entre su cat\u00e1logo de productos las frutas y verduras que han recolectado en sus huertos escolares. Tambi\u00e9n se destaca la iniciativa de una cooperativa escolar que ofrece un servicio de yoga con t\u00e9cnicas como <i>mindfulness<\/i> y <i>chi-kung<\/i>. Otros de los productos los escolares ponen a disposici\u00f3n del p\u00fablico son: neceseres, pendientes, jabones, aceites y vinagres arom\u00e1ticos, productos serigrafiados, portal\u00e1pices, camisas pintadas, carteras, trabajos de carpinter\u00eda, bolsas decorativas, imanes, libretas, o coleteros. \u00a0Para su creaci\u00f3n, han utilizado materiales reciclables como cuero, papel, piedras, conchas de playa, pl\u00e1stico, cart\u00f3n, latas, entre otros, lo que les ha permitido colaborar en el cuidado y conservaci\u00f3n del medio ambiente.<br \/>\nLos beneficios obtenidos en esta jornada de mercado se destinar\u00e1n a diferentes ONGs o asociaciones no lucrativas, de manera, que el alumnado compruebe de forma t\u00e1cita que con peque\u00f1os esfuerzos se pueden alcanzar grandes logros. Todo este itinerario se plantea desde el fomento de valores como el trabajo en equipo, la solidaridad o la igualdad. Adem\u00e1s, en todo momento se busca la implicaci\u00f3n de sus familias, con lo que el proceso es enriquecedor para todos los agentes implicados.<br \/>\n\u201cEnse\u00f1ar para Emprender\u201d es una iniciativa pedag\u00f3gica para el fomento de la cultura emprendedora entre los escolares de Tenerife ejecutada por la Fundaci\u00f3n General de la Universidad de La Laguna, en colaboraci\u00f3n con el Cabildo de Tenerife y los ayuntamientos de Puerto de la Cruz y La Laguna. \u00a0El objetivo del proyecto es la difusi\u00f3n y el fomento de la cultura emprendedora entre el alumnado de primaria y secundaria de Tenerife, promoviendo la econom\u00eda social, conductas y actitudes de colaboraci\u00f3n, igualdad, sostenibilidad, coordinaci\u00f3n, superaci\u00f3n de conflictos y asunci\u00f3n de problemas y responsabilidades.<\/p>\n","protected":false},"excerpt":{"rendered":"<p>La feria se celebra hoy [viernes 15 de mayo], en la Plaza de Europa de 10 a 13 horas y cuenta con la participaci\u00f3n de 540 ni\u00f1os y ni\u00f1as. Participan las 22 cooperativas escolares que se han creado en los 14 centros educativos de la zona norte de la Isla  participantes en el proyecto \u201cEnse\u00f1ar Para Emprender\u201d.<\/p>\n","protected":false},"author":1,"featured_media":18520,"comment_status":"closed","ping_status":"closed","sticky":false,"template":"","format":"standard","meta":{"footnotes":""},"categories":[3],"tags":[173,533,541,672,1192,1353,1424],"featured_image_thumbnail_url":"https:\/\/fg.ull.es\/hemeroteca\/wp-content\/uploads\/sites\/14\/2015\/07\/EPE_2015_CartelesA3_Pto-Cruz-212x300.jpg","_links":{"self":[{"href":"https:\/\/fg.ull.es\/hemeroteca\/wp-json\/wp\/v2\/posts\/18549"}],"collection":[{"href":"https:\/\/fg.ull.es\/hemeroteca\/wp-json\/wp\/v2\/posts"}],"about":[{"href":"https:\/\/fg.ull.es\/hemeroteca\/wp-json\/wp\/v2\/types\/post"}],"author":[{"embeddable":true,"href":"https:\/\/fg.ull.es\/hemeroteca\/wp-json\/wp\/v2\/users\/1"}],"replies":[{"embeddable":true,"href":"https:\/\/fg.ull.es\/hemeroteca\/wp-json\/wp\/v2\/comments?post=18549"}],"version-history":[{"count":0,"href":"https:\/\/fg.ull.es\/hemeroteca\/wp-json\/wp\/v2\/posts\/18549\/revisions"}],"wp:featuredmedia":[{"embeddable":true,"href":"https:\/\/fg.ull.es\/hemeroteca\/wp-json\/wp\/v2\/media\/18520"}],"wp:attachment":[{"href":"https:\/\/fg.ull.es\/hemeroteca\/wp-json\/wp\/v2\/media?parent=18549"}],"wp:term":[{"taxonomy":"category","embeddable":true,"href":"https:\/\/fg.ull.es\/hemeroteca\/wp-json\/wp\/v2\/categories?post=18549"},{"taxonomy":"post_tag","embeddable":true,"href":"https:\/\/fg.ull.es\/hemeroteca\/wp-json\/wp\/v2\/tags?post=18549"}],"curies":[{"name":"wp","href":"https:\/\/api.w.org\/{rel}","templated":true}]}}