{"id":18547,"date":"2015-05-15T08:44:17","date_gmt":"2015-05-15T08:44:17","guid":{"rendered":"http:\/\/www.fg.ull.es\/?p=18547"},"modified":"2015-05-15T08:44:17","modified_gmt":"2015-05-15T08:44:17","slug":"hoy-se-entregan-los-premios-del-concurso-crea-y-recicla-en-la-universidad-de-la-laguna","status":"publish","type":"post","link":"https:\/\/fg.ull.es\/hemeroteca\/2015\/05\/15\/hoy-se-entregan-los-premios-del-concurso-crea-y-recicla-en-la-universidad-de-la-laguna\/","title":{"rendered":"Hoy se entregan los premios del concurso &#039;Crea y Recicla&#039; en la Universidad de La Laguna"},"content":{"rendered":"<h1>Hoy se entregan los premios del concurso &#8216;Crea y Recicla&#8217; en la Universidad de La Laguna<\/h1>\n<p>&nbsp;<\/p>\n<h4>El acto se llevar\u00e1 a cabo hoy, viernes 15 de mayo, de 17 a 19 horas en el sal\u00f3n de actos de la secci\u00f3n de Ciencias de la Informaci\u00f3n de la ULL y estar\u00e1 presentado por el humorista canario Dar\u00edo L\u00f3pez. Ayer tuvo lugar la entrega de premiso en la Universidad de Las Palmas de Gran Canaria.<\/h4>\n<p>&nbsp;<br \/>\nLa entrega de premios de la primera edici\u00f3n del concurso \u2018Crea y Recicla\u2019 tendr\u00e1 lugar hoy viernes, 15 de mayo, de 17 a 19 horas en el sal\u00f3n de actos de la secci\u00f3n de Ciencias de la Informaci\u00f3n de la Universidad de La Laguna. El acto estar\u00e1 presentado por el humorista canario Dar\u00edo L\u00f3pez. Ayer, 14 de mayo, tuvo lugar el acto de entrega de premios en la Universidad de Las Palmas de Gran Canaria.<br \/>\nAl acto de hoy en la Universidad de La Laguna asistir\u00e1n Miguel Miguel D\u00edaz-Llanos C\u00e1novas, consejero de Sostenibilidad, Recursos y Energ\u00eda del Cabildo Insular de Tenerife, \u00a0Eduardo Dom\u00e9nech, rector de la Universidad de La Laguna y presidente del Patronato de su Fundaci\u00f3n General y Carlota Cruz Izquierdo, directora General de la Fundaci\u00f3n Canarias Recicla. La inauguraci\u00f3n de la entrega de premios correr\u00e1 a su cargo.<br \/>\nAdem\u00e1s, tras la presentaci\u00f3n, Tania Bethencourt, responsable ambiental de la Fundaci\u00f3n Canarias Recicla dar\u00e1 una breve charla sobre el movimiento #yelllowhappypeople. A continuaci\u00f3n, Dar\u00edo L\u00f3pez realizar\u00e1 un mon\u00f3logo, se proyectar\u00e1n las piezas finalistas y las no seleccionadas, y, finalmente, a las 18:25 horas se proceder\u00e1 a la lectura del acta del jurado y a la entrega de premios.<br \/>\nSe galardonar\u00e1 a la mejor pieza audiovisual de la ULL, que estar\u00e1 dotado de: distinci\u00f3n honor\u00edfica, un viaje para cuatro personas a una isla del Archipi\u00e9lago Canario (incluye billetes y alojamiento y publicidad de las dos piezas ganadoras.<br \/>\nEl objetivo de este concurso era lograr una mayor implicaci\u00f3n de los j\u00f3venes en el aumento del reciclaje de envases y embalajes a trav\u00e9s de la co-creaci\u00f3n y del mayor uso del contenedor amarillo; mostrando las ventajas de su uso y concienciando a la poblaci\u00f3n y, sobre todo a los j\u00f3venes, de la problem\u00e1tica de los residuos y de la necesidad de reducirlo y de mejorar su gesti\u00f3n, favoreciendo modelos de conducta sostenibles.<br \/>\nEsta iniciativa est\u00e1 promovida por la Fundaci\u00f3n Canarias Recicla en colaboraci\u00f3n con el Gobierno de Canarias, Ecoembes, la Fundaci\u00f3n General de la Universidad de La Laguna a trav\u00e9s de la Unidad de Cultura Cient\u00edfica y de la Innovaci\u00f3n, Cienci@ull, los siete Cabildos Insulares y la Fundaci\u00f3n Universitaria de Las Palmas de Gran Canaria.<br \/>\n<a href=\"http:\/\/www.fg.ull.es\/public\/docs\/1898_oi_programa_del_acto_crea_y_recicla_tf.pdf\">(Consulta el programa de la entrega de premios aqu\u00ed)<\/a><\/p>\n","protected":false},"excerpt":{"rendered":"<p>El acto se llevar\u00e1 a cabo hoy, viernes 15 de mayo, de 17 a 19 horas en el sal\u00f3n de actos de la secci\u00f3n de Ciencias de la Informaci\u00f3n de la ULL y estar\u00e1 presentado por el humorista canario Dar\u00edo L\u00f3pez. Ayer tuvo lugar la entrega de premiso en la Universidad de Las Palmas de Gran Canaria.<\/p>\n","protected":false},"author":1,"featured_media":18405,"comment_status":"closed","ping_status":"closed","sticky":false,"template":"","format":"standard","meta":{"footnotes":""},"categories":[8],"tags":[173,821,1353,1424],"featured_image_thumbnail_url":"https:\/\/fg.ull.es\/hemeroteca\/wp-content\/uploads\/sites\/14\/2015\/07\/ndice-300x120.jpg","_links":{"self":[{"href":"https:\/\/fg.ull.es\/hemeroteca\/wp-json\/wp\/v2\/posts\/18547"}],"collection":[{"href":"https:\/\/fg.ull.es\/hemeroteca\/wp-json\/wp\/v2\/posts"}],"about":[{"href":"https:\/\/fg.ull.es\/hemeroteca\/wp-json\/wp\/v2\/types\/post"}],"author":[{"embeddable":true,"href":"https:\/\/fg.ull.es\/hemeroteca\/wp-json\/wp\/v2\/users\/1"}],"replies":[{"embeddable":true,"href":"https:\/\/fg.ull.es\/hemeroteca\/wp-json\/wp\/v2\/comments?post=18547"}],"version-history":[{"count":0,"href":"https:\/\/fg.ull.es\/hemeroteca\/wp-json\/wp\/v2\/posts\/18547\/revisions"}],"wp:featuredmedia":[{"embeddable":true,"href":"https:\/\/fg.ull.es\/hemeroteca\/wp-json\/wp\/v2\/media\/18405"}],"wp:attachment":[{"href":"https:\/\/fg.ull.es\/hemeroteca\/wp-json\/wp\/v2\/media?parent=18547"}],"wp:term":[{"taxonomy":"category","embeddable":true,"href":"https:\/\/fg.ull.es\/hemeroteca\/wp-json\/wp\/v2\/categories?post=18547"},{"taxonomy":"post_tag","embeddable":true,"href":"https:\/\/fg.ull.es\/hemeroteca\/wp-json\/wp\/v2\/tags?post=18547"}],"curies":[{"name":"wp","href":"https:\/\/api.w.org\/{rel}","templated":true}]}}