{"id":18538,"date":"2015-05-15T08:38:23","date_gmt":"2015-05-15T08:38:23","guid":{"rendered":"http:\/\/www.fg.ull.es\/?p=18538"},"modified":"2015-05-15T08:38:23","modified_gmt":"2015-05-15T08:38:23","slug":"segundo-listado-provisional-de-la-convocatoria-para-la-seleccion-de-personal-con-cargo-al-proyecto-prueba-de-concepto-tecnologia-natural-3d-2-0","status":"publish","type":"post","link":"https:\/\/fg.ull.es\/hemeroteca\/2015\/05\/15\/segundo-listado-provisional-de-la-convocatoria-para-la-seleccion-de-personal-con-cargo-al-proyecto-prueba-de-concepto-tecnologia-natural-3d-2-0\/","title":{"rendered":"Segundo listado provisional de la convocatoria para la selecci\u00f3n de personal con cargo al proyecto &#039;Prueba de concepto Tecnolog\u00eda Natural 3D 2.0&#039;"},"content":{"rendered":"<h1>Segundo listado provisional de la convocatoria para la selecci\u00f3n de personal con cargo al proyecto &#8216;Prueba de concepto Tecnolog\u00eda Natural 3D 2.0&#8217;<\/h1>\n<p>&nbsp;<\/p>\n<h4>Finalizada la primera fase del proceso selectivo se procede a publicar el segundo listado provisional de aceptados\/as en la selecci\u00f3n de personal para cubrir la plaza de investigador\/a junior con cargo al proyecto &#8216;Prueba de concepto Tecnolog\u00eda Natural 3D 2.0&#8217;.<\/h4>\n<p>&nbsp;<br \/>\nA partir del 15 de mayo de 2015 comienza el periodo de eventuales alegaciones que finalizar\u00e1 a las 23.59 horas del 18 de mayo de 2015. Finalizado \u00e9ste y resueltas las alegaciones, se proceder\u00e1 a publicar el segundo listado definitivo con la confecci\u00f3n de la bolsa.<br \/>\nLas alegaciones \u00fanica y exclusivamente se podr\u00e1n presentar telem\u00e1ticamente al correo electr\u00f3nico seleccion@fg.ull.es y utilizando el siguiente documento normalizado: <a title=\"Alegaciones\" href=\"https:\/\/www.google.es\/url?sa=t&amp;rct=j&amp;q=&amp;esrc=s&amp;source=web&amp;cd=7&amp;cad=rja&amp;uact=8&amp;ved=0CEYQFjAG&amp;url=http:\/\/www.fg.ull.es\/public\/docs\/1708_vo_alegaciones.docx&amp;ei=uXJLVbX0HsTaU9XjgYAP&amp;usg=AFQjCNGPVly_sqbb-bGszcMSLMrvpthWnQ&amp;bvm=bv.92765956,d.d24\" target=\"_blank\" rel=\"noopener noreferrer\">documento de alegaciones.<\/a><br \/>\nPara la valoraci\u00f3n de todas y cada una de las candidaturas, y de los futuros procesos, se ha tomado como fundamento lo especificado en:<\/p>\n<ul>\n<li><a title=\"Bases Generales\" href=\"http:\/\/www.fg.ull.es\/public\/docs\/1859_fk_bases_generales_becas_formativas_de_investigacion.pdf\" target=\"_blank\" rel=\"noopener noreferrer\">Bases Generales<\/a><\/li>\n<li><a title=\"Perfil Singular\" href=\"http:\/\/www.fg.ull.es\/public\/docs\/1860_vg_perfil_singular.pdf\" target=\"_blank\" rel=\"noopener noreferrer\">Perfil Singular<\/a><\/li>\n<\/ul>\n<p>Puede ver el listado provisional\u00a0<a title=\"2\u00ba List Prov\" href=\"http:\/\/www.fg.ull.es\/public\/docs\/1899_os_2_listado_provisional__copia.pdf\" target=\"_parent\" rel=\"noopener noreferrer\">aqu\u00ed<\/a>.<\/p>\n","protected":false},"excerpt":{"rendered":"<p>Finalizada la primera fase del proceso selectivo se procede a publicar el segundo listado provisional de aceptados\/as en la selecci\u00f3n de personal para cubrir la plaza de investigador\/a junior con cargo al proyecto &#8216;Prueba de concepto Tecnolog\u00eda Natural 3D 2.0&#8217;.<\/p>\n","protected":false},"author":1,"featured_media":0,"comment_status":"closed","ping_status":"closed","sticky":false,"template":"","format":"standard","meta":{"footnotes":""},"categories":[2],"tags":[173,862,1066,1353,1424],"featured_image_thumbnail_url":null,"_links":{"self":[{"href":"https:\/\/fg.ull.es\/hemeroteca\/wp-json\/wp\/v2\/posts\/18538"}],"collection":[{"href":"https:\/\/fg.ull.es\/hemeroteca\/wp-json\/wp\/v2\/posts"}],"about":[{"href":"https:\/\/fg.ull.es\/hemeroteca\/wp-json\/wp\/v2\/types\/post"}],"author":[{"embeddable":true,"href":"https:\/\/fg.ull.es\/hemeroteca\/wp-json\/wp\/v2\/users\/1"}],"replies":[{"embeddable":true,"href":"https:\/\/fg.ull.es\/hemeroteca\/wp-json\/wp\/v2\/comments?post=18538"}],"version-history":[{"count":0,"href":"https:\/\/fg.ull.es\/hemeroteca\/wp-json\/wp\/v2\/posts\/18538\/revisions"}],"wp:attachment":[{"href":"https:\/\/fg.ull.es\/hemeroteca\/wp-json\/wp\/v2\/media?parent=18538"}],"wp:term":[{"taxonomy":"category","embeddable":true,"href":"https:\/\/fg.ull.es\/hemeroteca\/wp-json\/wp\/v2\/categories?post=18538"},{"taxonomy":"post_tag","embeddable":true,"href":"https:\/\/fg.ull.es\/hemeroteca\/wp-json\/wp\/v2\/tags?post=18538"}],"curies":[{"name":"wp","href":"https:\/\/api.w.org\/{rel}","templated":true}]}}