{"id":18524,"date":"2015-05-15T08:27:23","date_gmt":"2015-05-15T08:27:23","guid":{"rendered":"http:\/\/www.fg.ull.es\/?p=18524"},"modified":"2015-05-15T08:27:23","modified_gmt":"2015-05-15T08:27:23","slug":"reunion-del-marco-estrategico-de-actuaciones-en-politicas-de-igualdad-de-genero-tenerife-violeta-metv-en-la-sede-de-la-fundacion","status":"publish","type":"post","link":"https:\/\/fg.ull.es\/hemeroteca\/2015\/05\/15\/reunion-del-marco-estrategico-de-actuaciones-en-politicas-de-igualdad-de-genero-tenerife-violeta-metv-en-la-sede-de-la-fundacion\/","title":{"rendered":"Reuni\u00f3n del Marco Estrat\u00e9gico de Actuaciones en Pol\u00edticas de Igualdad de G\u00e9nero Tenerife Violeta (METV) en la sede de la Fundaci\u00f3n"},"content":{"rendered":"<h1>Reuni\u00f3n del Marco Estrat\u00e9gico de Actuaciones en Pol\u00edticas de Igualdad de G\u00e9nero Tenerife Violeta (METV) en la sede de la Fundaci\u00f3n<\/h1>\n<p>&nbsp;<\/p>\n<h4>Se celebr\u00f3 hoy [15 de mayo] \u00a0y tomaron parte la propia Fundaci\u00f3n, el Cabildo de Tenerife, el Instituto de Astrof\u00edsica de Canarias, el sindicato USO-Canarias, Femete, Fundaci\u00f3n Radio Ecca, Fundaci\u00f3n Adecco, FredOlsen, la Compa\u00f1\u00eda Cervecera de Canarias, Titsa y Cruz Roja, todas ellas entidades comprometidas con el METV.<\/h4>\n<p>&nbsp;<br \/>\nHoy [15 de mayo] se ha celebrado una reuni\u00f3n del Marco Estrat\u00e9gico de Actuaciones en Pol\u00edticas de Igualdad de G\u00e9nero Tenerife Violeta (METV) en la sede de la Fundaci\u00f3n General de la ULL, donde han participado la propia Fundaci\u00f3n, el Cabildo de Tenerife, el Instituto de Astrof\u00edsica de Canarias, el sindicato USO-Canarias, Femete, Fundaci\u00f3n Radio Ecca, Fundaci\u00f3n Adecco, FredOlsen, la Compa\u00f1\u00eda Cervecera de Canarias, Titsa y Cruz Roja, todas ellas entidades comprometidas con el METV.<br \/>\nEl objetivo de la reuni\u00f3n ha sido presentar un proyecto a trav\u00e9s del cual se trabajar\u00e1 de manera integral dos de los problemas que la Red Insular para la Igualdad de G\u00e9nero Tenerife Violeta (RIIGTV) defini\u00f3 como prioritarios en los encuentros celebrados durante los meses de octubre y noviembre de 2014 y en los que estuvo tambi\u00e9n presente la Fundaci\u00f3n.<br \/>\nLos problemas seleccionados son: `las mujeres tienen dificultades para acceder y mantenerse en el mercado laboral\u00b4 y la `permanencia y recrudecimiento de la desigualdad retributiva\u00b4. Para ello se llevar\u00e1 a cabo un proyecto que se desarrollar\u00e1 en las siguientes fases:<br \/>\n&#8211; \u00a0F<b>ase 1. De informaci\u00f3n.<\/b> Realizaci\u00f3n de un estudio que ofrezca datos de las situaciones de partida de mujeres y hombres en las entidades empresariales, organizaciones y empresas que se vinculen al proyecto. A partir del estudio se devolver\u00e1 a cada entidad un informe de su situaci\u00f3n acompa\u00f1ado de una propuesta de medidas correctoras o recomendaciones, en su caso.<br \/>\n&#8211;\u00a0\u00a0<b>Fase 2. De formaci\u00f3n.<\/b> De forma paralela se desarrollar\u00e1n acciones formativas dirigidas al personal de RRHH y al personal en representaci\u00f3n de las organizaciones sindicales.<br \/>\n&#8211;\u00a0\u00a0<b>Fase 3. De apoyo y orientaci\u00f3n.<\/b> Esta \u00faltima fase consistir\u00e1 en reforzar los conocimientos adquiridos directamente en el puesto de trabajo, facilitando materiales y orientaci\u00f3n hacia la toma de medidas concretas orientadas a tener una organizaci\u00f3n m\u00e1s equitativa con el conjunto de su personal.<br \/>\nAl finalizar el proyecto, y en el caso de que las entidades comprometidas pongan en marcha las medidas y recomendaciones, se premiar\u00e1 a las entidades reconoci\u00e9ndolas como promotoras de la igualdad entre mujeres y hombres y transfiriendo dicha labor como buena pr\u00e1ctica.<\/p>\n","protected":false},"excerpt":{"rendered":"<p>Se celebr\u00f3 hoy [15 de mayo]  y tomaron parte la propia Fundaci\u00f3n, el Cabildo de Tenerife, el Instituto de Astrof\u00edsica de Canarias, el sindicato USO-Canarias, Femete, Fundaci\u00f3n Radio Ecca, Fundaci\u00f3n Adecco, FredOlsen, la Compa\u00f1\u00eda Cervecera de Canarias, Titsa y Cruz Roja, todas ellas entidades comprometidas con el METV.<\/p>\n","protected":false},"author":1,"featured_media":18526,"comment_status":"closed","ping_status":"closed","sticky":false,"template":"","format":"standard","meta":{"footnotes":""},"categories":[8],"tags":[173,821,1353,1424],"featured_image_thumbnail_url":"https:\/\/fg.ull.es\/hemeroteca\/wp-content\/uploads\/sites\/14\/2015\/07\/un_instante_de_la_reunionjpg-300x201.jpg","_links":{"self":[{"href":"https:\/\/fg.ull.es\/hemeroteca\/wp-json\/wp\/v2\/posts\/18524"}],"collection":[{"href":"https:\/\/fg.ull.es\/hemeroteca\/wp-json\/wp\/v2\/posts"}],"about":[{"href":"https:\/\/fg.ull.es\/hemeroteca\/wp-json\/wp\/v2\/types\/post"}],"author":[{"embeddable":true,"href":"https:\/\/fg.ull.es\/hemeroteca\/wp-json\/wp\/v2\/users\/1"}],"replies":[{"embeddable":true,"href":"https:\/\/fg.ull.es\/hemeroteca\/wp-json\/wp\/v2\/comments?post=18524"}],"version-history":[{"count":0,"href":"https:\/\/fg.ull.es\/hemeroteca\/wp-json\/wp\/v2\/posts\/18524\/revisions"}],"wp:featuredmedia":[{"embeddable":true,"href":"https:\/\/fg.ull.es\/hemeroteca\/wp-json\/wp\/v2\/media\/18526"}],"wp:attachment":[{"href":"https:\/\/fg.ull.es\/hemeroteca\/wp-json\/wp\/v2\/media?parent=18524"}],"wp:term":[{"taxonomy":"category","embeddable":true,"href":"https:\/\/fg.ull.es\/hemeroteca\/wp-json\/wp\/v2\/categories?post=18524"},{"taxonomy":"post_tag","embeddable":true,"href":"https:\/\/fg.ull.es\/hemeroteca\/wp-json\/wp\/v2\/tags?post=18524"}],"curies":[{"name":"wp","href":"https:\/\/api.w.org\/{rel}","templated":true}]}}