{"id":18522,"date":"2015-05-15T08:20:26","date_gmt":"2015-05-15T08:20:26","guid":{"rendered":"http:\/\/www.fg.ull.es\/?p=18522"},"modified":"2015-05-15T08:20:26","modified_gmt":"2015-05-15T08:20:26","slug":"primer-encuentro-de-caracter-informativo-para-la-puesta-en-marcha-de-la-escuela-abierta-de-verano-2015-en-taco","status":"publish","type":"post","link":"https:\/\/fg.ull.es\/hemeroteca\/2015\/05\/15\/primer-encuentro-de-caracter-informativo-para-la-puesta-en-marcha-de-la-escuela-abierta-de-verano-2015-en-taco\/","title":{"rendered":"Primer encuentro de car\u00e1cter informativo para la puesta en marcha de la Escuela Abierta de Verano 2015 en Taco"},"content":{"rendered":"<h1>Primer encuentro de car\u00e1cter informativo para la puesta en marcha de la Escuela Abierta de Verano 2015 en Taco<\/h1>\n<p>&nbsp;<\/p>\n<h4>Administraci\u00f3n, profesionales y ciudadan\u00eda se re\u00fanen en la sede del Distrito Suroeste del Ayuntamiento de Santa Cruz de Tenerife para avanzar en la materializaci\u00f3n de una Escuela Abierta de Verano para ni\u00f1os y j\u00f3venes en Taco. El Proyecto Intervenci\u00f3n Comunitaria Intercultural ICI-TACO ser\u00e1 el encargado de promover esta iniciativa para y con la comunidad.<\/h4>\n<p>&nbsp;<br \/>\nEl Proyecto de Intervenci\u00f3n Comunitaria Intercultural (ICI) en Taco, gestionado por la Fundaci\u00f3n General de la Universidad de La Laguna, que cuenta con la participaci\u00f3n del Ayuntamiento de San Crist\u00f3bal de La Laguna y el Ayuntamiento de Santa Cruz de Tenerife y est\u00e1 financiado por la Obra Social `la Caixa\u00b4, ha celebrado un primer encuentro informativo para la organizaci\u00f3n de la Escuela Abierta de Verano 2015, una propuesta socio-educativa para ni\u00f1os y j\u00f3venes de Taco que se desarrollar\u00e1 en el periodo no lectivo de verano. El jueves d\u00eda 21 de mayo a las 18:00 horas se realizar\u00e1 una nueva convocatoria informativa en las instalaciones del Edificio Centro Urban (Calle Lapilli s\/n, paralela a la Avenida Libertad), en Los Majuelos, San Crist\u00f3bal de La Laguna.<br \/>\nLa reuni\u00f3n, de car\u00e1cter abierto y celebrada en la sede del Distrito Suroeste del Ayuntamiento de Santa Cruz de Tenerife (El Sobradillo), aglutin\u00f3 a varias organizaciones sociales de Taco, as\u00ed como recursos t\u00e9cnicos y administraciones locales. La Escuela Abierta de Verano se convertir\u00e1 en un espacio de educaci\u00f3n comunitaria para ni\u00f1os y j\u00f3venes participado por la comunidad y tiene previsto realizarse inicialmente en el mes de agosto. Javier Rivero Rodr\u00edguez, presidente de la Asociaci\u00f3n de Vecinos Acor\u00e1n considera que `se trata de un proyecto educativo emocionante, pionero, y que, contando con la implicaci\u00f3n vecinal, puede dar grandes resultados. Adem\u00e1s, el grupo al que va dirigido, infantil y juvenil, presenta muchas carencias en este territorio\u00b4.<br \/>\nICI Taco apuesta por un trabajo colaborativo con las entidades que se sumen a este proyecto, tanto como grupo promotor o como colaborador. El objetivo estrat\u00e9gico es fomentar la participaci\u00f3n entre los tres protagonistas del territorio, la Administraci\u00f3n, los recursos profesionales y la ciudadan\u00eda. Celia Segurado, t\u00e9cnica del Distrito Suroeste del Ayuntamiento de Santa Cruz de Tenerife, junto con su compa\u00f1ero Juan Pedro Mi\u00f1\u00f3n, formar\u00e1n parte del equipo colaborador y ha comentado: `Me parece una idea fant\u00e1stica y muy positiva para los j\u00f3venes del Distrito Suroeste. Vamos a ver si encontramos gente que quiera participar y as\u00ed ponerlo en marcha, ya que considero que es un proyecto muy bonito. Aqu\u00ed estamos los funcionarios, los t\u00e9cnicos del Ayuntamiento de Santa Cruz, para ayudar en todo lo que se pueda\u00b4.<br \/>\nDurante el encuentro se dio el primer paso para el desarrollo de esta iniciativa; las diversas asociaciones y grupos convocados pudieron, en el caso de querer participar, decidir si estaban interesados en ser miembros del grupo promotor o si por el contrario prefer\u00edan decantarse como grupo colaborador. Durante el transcurso de la charla informativa, la Asociaci\u00f3n Mojo de Ca\u00f1a, la Asociaci\u00f3n de Vecinos Acor\u00e1n y la Fundaci\u00f3n Proyecto Don Bosco, se comprometieron a participar como grupo promotor de la Escuela Abierta de Verano 2015. Por su parte, Radio Ecca, la Asociaci\u00f3n Juvenil y Cultural Awa\u00f1ak, la AMPA Achig San Mat\u00edas y la Concejal\u00eda del Distrito Suroeste del Ayuntamiento de Santa Cruz de Tenerife tambi\u00e9n tienen previsto participar en este proyecto pero como grupo colaborador. `Me parece muy interesante poder formar parte del grupo promotor de un proyecto innovador y con ideas frescas como es la Escuela Abierta de Verano. Considero que es un proyecto de futuro y que no hay que precipitarse, ya que lo importante son las metas a largo plazo que podamos conseguir. Adem\u00e1s, es un proyecto muy potente para la zona de Taco, ya que involucra a la administraciones y revierte en la ciudadan\u00eda\u00b4, admite Gioconda H\u00e9rnandez, coordinadora del programa de inserci\u00f3n socio-laboral de la Fundaci\u00f3n Proyecto Don Bosco.<br \/>\nEl Proyecto de Intervenci\u00f3n Comunitaria Intercultural (ICI) en Taco apuesta por la convivencia y la cohesi\u00f3n social a partir de la consolidaci\u00f3n del proceso comunitario. Un proceso comunitario protagonizado conjuntamente por la Administraci\u00f3n, los recursos t\u00e9cnico-profesionales, las organizaciones sociales y la ciudadan\u00eda en general. Este proyecto, desarrollado con \u00e9xito y eficacia en 16 territorios de toda la geograf\u00eda espa\u00f1ola durante los \u00faltimos cuatro a\u00f1os, se ha extendido a otras 24 localidades, entre ellas, Taco. Una apuesta innovadora, de intervenci\u00f3n comunitaria y gesti\u00f3n de la diversidad social y cultural, validada por sus buenos resultados y sus impactos en la mejora de la convivencia. Esta iniciativa se centra en el protagonismo de la comunidad de un territorio para dar respuesta a los retos diversos que debe afrontar en cada momento.<\/p>\n","protected":false},"excerpt":{"rendered":"<p>Administraci\u00f3n, profesionales y ciudadan\u00eda se re\u00fanen en la sede del Distrito Suroeste del Ayuntamiento de Santa Cruz de Tenerife para avanzar en la materializaci\u00f3n de una Escuela Abierta de Verano para ni\u00f1os y j\u00f3venes en Taco. El Proyecto Intervenci\u00f3n Comunitaria Intercultural ICI-TACO ser\u00e1 el encargado de promover esta iniciativa para y con la comunidad.<\/p>\n","protected":false},"author":1,"featured_media":0,"comment_status":"closed","ping_status":"closed","sticky":false,"template":"","format":"standard","meta":{"footnotes":""},"categories":[8],"tags":[173,821,1353,1424],"featured_image_thumbnail_url":null,"_links":{"self":[{"href":"https:\/\/fg.ull.es\/hemeroteca\/wp-json\/wp\/v2\/posts\/18522"}],"collection":[{"href":"https:\/\/fg.ull.es\/hemeroteca\/wp-json\/wp\/v2\/posts"}],"about":[{"href":"https:\/\/fg.ull.es\/hemeroteca\/wp-json\/wp\/v2\/types\/post"}],"author":[{"embeddable":true,"href":"https:\/\/fg.ull.es\/hemeroteca\/wp-json\/wp\/v2\/users\/1"}],"replies":[{"embeddable":true,"href":"https:\/\/fg.ull.es\/hemeroteca\/wp-json\/wp\/v2\/comments?post=18522"}],"version-history":[{"count":0,"href":"https:\/\/fg.ull.es\/hemeroteca\/wp-json\/wp\/v2\/posts\/18522\/revisions"}],"wp:attachment":[{"href":"https:\/\/fg.ull.es\/hemeroteca\/wp-json\/wp\/v2\/media?parent=18522"}],"wp:term":[{"taxonomy":"category","embeddable":true,"href":"https:\/\/fg.ull.es\/hemeroteca\/wp-json\/wp\/v2\/categories?post=18522"},{"taxonomy":"post_tag","embeddable":true,"href":"https:\/\/fg.ull.es\/hemeroteca\/wp-json\/wp\/v2\/tags?post=18522"}],"curies":[{"name":"wp","href":"https:\/\/api.w.org\/{rel}","templated":true}]}}