{"id":18513,"date":"2015-05-14T08:13:07","date_gmt":"2015-05-14T08:13:07","guid":{"rendered":"http:\/\/www.fg.ull.es\/?p=18513"},"modified":"2015-05-14T08:13:07","modified_gmt":"2015-05-14T08:13:07","slug":"termina-la-primera-edicion-del-curso-como-divulgar-mi-investigacion-cientifica-con-la-simulacion-de-un-concurso-televisivo","status":"publish","type":"post","link":"https:\/\/fg.ull.es\/hemeroteca\/2015\/05\/14\/termina-la-primera-edicion-del-curso-como-divulgar-mi-investigacion-cientifica-con-la-simulacion-de-un-concurso-televisivo\/","title":{"rendered":"Termina la primera edici\u00f3n del curso &#039;\u00bfC\u00f3mo divulgar mi investigaci\u00f3n cient\u00edfica?&#039; con la simulaci\u00f3n de un concurso televisivo"},"content":{"rendered":"<h1>Termina la primera edici\u00f3n del curso &#8216;\u00bfC\u00f3mo divulgar mi investigaci\u00f3n cient\u00edfica?&#8217; con la simulaci\u00f3n de un concurso televisivo<\/h1>\n<p>&nbsp;<\/p>\n<h4>Los investigadores de la ULL participantes en esta formaci\u00f3n presentaron sus trabajos ante un jurado tratando de demostrar sus dotes comunicativas; el concurso se denomin\u00f3 &#8216;T\u00fa s\u00ed que vales de la Ciencia&#8217;. Tuvo lugar ayer [13 de mayo] en el Aula Magna de las Secciones de Matem\u00e1ticas y F\u00edsica de la Universidad de La Laguna.<\/h4>\n<p>&nbsp;<br \/>\nLa <a href=\"http:\/\/ciencia.fg.ull.es\/\">Unidad de Cultura Cient\u00edfica y de la Innovaci\u00f3n de la ULL, <i>cienci@ULL<\/i><\/a>, en el marco de su l\u00ednea de trabajo dirigida a sensibilizar y formar al personal investigador sobre divulgaci\u00f3n cient\u00edfica, ha organizado el `\u00bfC\u00f3mo divulgar mi investigaci\u00f3n cient\u00edfica?\u00b4, dirigido al personal investigador. La formaci\u00f3n se ha desarrollado desde el pasado 15 de abril clausur\u00e1ndose ayer con una muestra p\u00fablica de los diferentes trabajos de divulgaci\u00f3n desarrollados entre los participantes. Con la intenci\u00f3n de dotar a esta sesi\u00f3n de cierre de un car\u00e1cter ameno la presentaci\u00f3n de los trabajos se desarroll\u00f3 bajo un formato de concurso televisivo con el nombre de `T\u00fa s\u00ed que vales de la ciencia\u00b4.<br \/>\nLos investigadores e investigadoras tuvieron tres minutos para realizar una presentaci\u00f3n que combinara el rigor cient\u00edfico propio de su trabajo con la cercan\u00eda y el entrenamiento necesarios para mantener la atenci\u00f3n de la audiencia.\u00a0 Finalmente los tres ganadores seleccionados por el jurado fueron, en primer lugar, Guido Santos Rosales con su exposici\u00f3n `El efecto coriolis, menudo l\u00edo\u00b4; Natalia Rodriguez Valls, en segundo puesto con `La triste historia de amor entre el fot\u00f3n y el electr\u00f3n\u00b4 y el tercer premio fue para Paloma L\u00f3pez Reillo con `\u00bfExiste la brecha digital?\u00b4. Si bien, el jurado destac\u00f3 el trabajo creativo y el esfuerzo por cambiar el tono de la comunicaci\u00f3n de todos los participantes.<br \/>\nLa entrega de diplomas y premios corri\u00f3 a cargo del rector de la Universidad de La Laguna, Eduardo Domenech, y la directora acad\u00e9mica del curso y decana de la Facultad de Ciencias Pol\u00edticas, Sociales y de la Comunicaci\u00f3n, Carmen Rodr\u00edguez Wang\u00fcemert.<br \/>\nEste curso ha tenido como objetivo mostrar al personal investigador la importancia de incluir en su rutina profesional la comunicaci\u00f3n p\u00fablica de su actividad de investigaci\u00f3n. Para ello se desarrollaron siete sesiones en las que han podido conocer herramientas y conceptos vinculados a temas como la comunicaci\u00f3n escrita, la utilizaci\u00f3n de redes sociales, la divulgaci\u00f3n cient\u00edfica en el mundo audiovisual, la compatibilidad de la divulgaci\u00f3n de los resultados de investigaci\u00f3n con la patentabilidad de los mismos o la relaci\u00f3n con los medios de comunicaci\u00f3n. Adem\u00e1s, han realizado visitas a Radio Nacional de Espa\u00f1a asistiendo al programa de radio <i>Doble H\u00e9lice<\/i> y a Televisi\u00f3n Espa\u00f1ola para participar en el programa <i>Planeta vivo<\/i>.<br \/>\nSe trata de la primera edici\u00f3n de esta formaci\u00f3n pero la organizaci\u00f3n se plantea la posibilidad de presentar pr\u00f3ximamente una segunda en respuesta al inter\u00e9s que ha despertado, llegando a duplicarse las plazas previstas para el curso que hoy finaliza.<\/p>\n","protected":false},"excerpt":{"rendered":"<p>Los investigadores de la ULL participantes en esta formaci\u00f3n presentaron sus trabajos ante un jurado tratando de demostrar sus dotes comunicativas; el concurso se denomin\u00f3 &#8216;T\u00fa s\u00ed que vales de la Ciencia&#8217;. Tuvo lugar ayer [13 de mayo] en el Aula Magna de las Secciones de Matem\u00e1ticas y F\u00edsica de la Universidad de La Laguna.<\/p>\n","protected":false},"author":1,"featured_media":18514,"comment_status":"closed","ping_status":"closed","sticky":false,"template":"","format":"standard","meta":{"footnotes":""},"categories":[8],"tags":[173,421,672,821,862,1353,1424],"featured_image_thumbnail_url":"https:\/\/fg.ull.es\/hemeroteca\/wp-content\/uploads\/sites\/14\/2015\/07\/los_participantes_en_el_curso_el_rector_de_la_ull_el_profesorado_y_la_decana_de_ciencias_socialesjpg-300x201.jpg","_links":{"self":[{"href":"https:\/\/fg.ull.es\/hemeroteca\/wp-json\/wp\/v2\/posts\/18513"}],"collection":[{"href":"https:\/\/fg.ull.es\/hemeroteca\/wp-json\/wp\/v2\/posts"}],"about":[{"href":"https:\/\/fg.ull.es\/hemeroteca\/wp-json\/wp\/v2\/types\/post"}],"author":[{"embeddable":true,"href":"https:\/\/fg.ull.es\/hemeroteca\/wp-json\/wp\/v2\/users\/1"}],"replies":[{"embeddable":true,"href":"https:\/\/fg.ull.es\/hemeroteca\/wp-json\/wp\/v2\/comments?post=18513"}],"version-history":[{"count":0,"href":"https:\/\/fg.ull.es\/hemeroteca\/wp-json\/wp\/v2\/posts\/18513\/revisions"}],"wp:featuredmedia":[{"embeddable":true,"href":"https:\/\/fg.ull.es\/hemeroteca\/wp-json\/wp\/v2\/media\/18514"}],"wp:attachment":[{"href":"https:\/\/fg.ull.es\/hemeroteca\/wp-json\/wp\/v2\/media?parent=18513"}],"wp:term":[{"taxonomy":"category","embeddable":true,"href":"https:\/\/fg.ull.es\/hemeroteca\/wp-json\/wp\/v2\/categories?post=18513"},{"taxonomy":"post_tag","embeddable":true,"href":"https:\/\/fg.ull.es\/hemeroteca\/wp-json\/wp\/v2\/tags?post=18513"}],"curies":[{"name":"wp","href":"https:\/\/api.w.org\/{rel}","templated":true}]}}