{"id":18404,"date":"2015-05-13T11:40:51","date_gmt":"2015-05-13T11:40:51","guid":{"rendered":"http:\/\/www.fg.ull.es\/?p=18404"},"modified":"2015-05-13T11:40:51","modified_gmt":"2015-05-13T11:40:51","slug":"los-premios-del-concurso-crea-y-recicla-se-entregaran-el-15-de-mayo-en-la-universidad-de-la-laguna","status":"publish","type":"post","link":"https:\/\/fg.ull.es\/hemeroteca\/2015\/05\/13\/los-premios-del-concurso-crea-y-recicla-se-entregaran-el-15-de-mayo-en-la-universidad-de-la-laguna\/","title":{"rendered":"Los premios del concurso &#039;Crea y Recicla&#039; se entregar\u00e1n el 15 de mayo en la Universidad de La Laguna"},"content":{"rendered":"<h1>Los premios del concurso &#8216;Crea y Recicla&#8217; se entregar\u00e1n el 15 de mayo en la Universidad de La Laguna<\/h1>\n<p>&nbsp;<\/p>\n<h4>Se realizar\u00e1 una primera entrega de premios ma\u00f1ana, 14 de mayo, a las 17.00 horas en el Sal\u00f3n de Actos de la Residencia Universitaria del Campus Tafira de la Universidad de Las Palmas de Gran Canaria. El viernes 15 de mayo de 17 a 19 horas tendr\u00e1 lugar la entrega de premios de la primera edici\u00f3n de este concurso. El acto se celebrar\u00e1 en el sal\u00f3n de actos de la secci\u00f3n de Ciencias de la Informaci\u00f3n de la ULL y estar\u00e1 presentado por el humorista canario Dar\u00edo L\u00f3pez.<\/h4>\n<p>&nbsp;<br \/>\nLa entrega de premios de la primera edici\u00f3n del concurso \u2018Crea y Recicla\u2019 tendr\u00e1 lugar el pr\u00f3ximo viernes, 15 de mayo, de 17 a 19 horas en el sal\u00f3n de actos de la secci\u00f3n de Ciencias de la Informaci\u00f3n de la Universidad de La Laguna. El acto estar\u00e1 presentado por el humorista canario Dar\u00edo L\u00f3pez. Asimismo, se celebrar\u00e1 una primera entrega de premios ma\u00f1ana, 14 de mayo, a las 17.00 horas en el Sal\u00f3n de Actos de la Residencia Universitaria del Campus Tafira de la Universidad de Las Palmas de Gran Canaria.<br \/>\nAl acto asistir\u00e1n Miguel Miguel D\u00edaz-Llanos C\u00e1novas, consejero de Sostenibilidad, Recursos y Energ\u00eda del Cabildo Insular de Tenerife, \u00a0Eduardo Dom\u00e9nech, rector de la Universidad de La Laguna y presidente del Patronato de su Fundaci\u00f3n General y Carlota Cruz Izquierdo, directora General de la Fundaci\u00f3n Canarias Recicla.<br \/>\nLa finalidad del concurso ha sido lograr una mayor implicaci\u00f3n de los j\u00f3venes en el aumento del reciclaje de envases y embalajes a trav\u00e9s de la co-creaci\u00f3n y del mayor uso del contenedor amarillo; mostrando las ventajas de su uso y concienciando a la poblaci\u00f3n y, sobre todo a los j\u00f3venes, de la problem\u00e1tica de los residuos y de la necesidad de reducirlo y de mejorar su gesti\u00f3n, favoreciendo modelos de conducta sostenibles.<br \/>\nAs\u00ed, los j\u00f3venes participantes deb\u00edan crear una pieza audiovisual de una duraci\u00f3n m\u00e1xima de 120 segundos haciendo uso de altas dosis de creatividad e imaginaci\u00f3n para transmitir de forma cercana las soluciones que emanan de las 3R: Reducir, Reutilizar y Reciclar, que sean aplicables al entorno y enfaticen la capacidad de cambio que poseen los j\u00f3venes. Tambi\u00e9n se crear\u00e1 una red de j\u00f3venes prescriptores ambientales #yellowhappypeople.<br \/>\nEl certamen premiar\u00e1 premiar\u00e1 a la mejor pieza audiovisual, de cada Universidad, con los siguientes galardones: distinci\u00f3n honor\u00edfica, un viaje para cuatro personas a una isla del Archipi\u00e9lago Canario (incluye billetes y alojamiento y publicidad de las dos piezas ganadoras.<br \/>\nEsta iniciativa est\u00e1 promovida por la Fundaci\u00f3n Canarias Recicla en colaboraci\u00f3n con el Gobierno de Canarias, Ecoembes, la Fundaci\u00f3n General de la Universidad de La Laguna a trav\u00e9s de la Unidad de Cultura Cient\u00edfica y de la Innovaci\u00f3n, Cienci@ull, los siete Cabildos Insulares y la Fundaci\u00f3n Universitaria de Las Palmas de Gran Canaria.<\/p>\n","protected":false},"excerpt":{"rendered":"<p>Se realizar\u00e1 una primera entrega de premios ma\u00f1ana, 14 de mayo, a las 17.00 horas en el Sal\u00f3n de Actos de la Residencia Universitaria del Campus Tafira de la Universidad de Las Palmas de Gran Canaria. El viernes 15 de mayo de 17 a 19 horas tendr\u00e1 lugar la entrega de premios de la primera edici\u00f3n de este concurso. El acto se celebrar\u00e1 en el sal\u00f3n de actos de la secci\u00f3n de Ciencias de la Informaci\u00f3n de la ULL y estar\u00e1 presentado por el humorista canario Dar\u00edo L\u00f3pez.<\/p>\n","protected":false},"author":1,"featured_media":18405,"comment_status":"closed","ping_status":"closed","sticky":false,"template":"","format":"standard","meta":{"footnotes":""},"categories":[8],"tags":[173,821,1353,1424],"featured_image_thumbnail_url":"https:\/\/fg.ull.es\/hemeroteca\/wp-content\/uploads\/sites\/14\/2015\/07\/ndice-300x120.jpg","_links":{"self":[{"href":"https:\/\/fg.ull.es\/hemeroteca\/wp-json\/wp\/v2\/posts\/18404"}],"collection":[{"href":"https:\/\/fg.ull.es\/hemeroteca\/wp-json\/wp\/v2\/posts"}],"about":[{"href":"https:\/\/fg.ull.es\/hemeroteca\/wp-json\/wp\/v2\/types\/post"}],"author":[{"embeddable":true,"href":"https:\/\/fg.ull.es\/hemeroteca\/wp-json\/wp\/v2\/users\/1"}],"replies":[{"embeddable":true,"href":"https:\/\/fg.ull.es\/hemeroteca\/wp-json\/wp\/v2\/comments?post=18404"}],"version-history":[{"count":0,"href":"https:\/\/fg.ull.es\/hemeroteca\/wp-json\/wp\/v2\/posts\/18404\/revisions"}],"wp:featuredmedia":[{"embeddable":true,"href":"https:\/\/fg.ull.es\/hemeroteca\/wp-json\/wp\/v2\/media\/18405"}],"wp:attachment":[{"href":"https:\/\/fg.ull.es\/hemeroteca\/wp-json\/wp\/v2\/media?parent=18404"}],"wp:term":[{"taxonomy":"category","embeddable":true,"href":"https:\/\/fg.ull.es\/hemeroteca\/wp-json\/wp\/v2\/categories?post=18404"},{"taxonomy":"post_tag","embeddable":true,"href":"https:\/\/fg.ull.es\/hemeroteca\/wp-json\/wp\/v2\/tags?post=18404"}],"curies":[{"name":"wp","href":"https:\/\/api.w.org\/{rel}","templated":true}]}}