{"id":18304,"date":"2015-06-30T09:54:55","date_gmt":"2015-06-30T09:54:55","guid":{"rendered":"http:\/\/www.fg.ull.es\/?p=18304"},"modified":"2015-06-30T09:54:55","modified_gmt":"2015-06-30T09:54:55","slug":"el-alumnado-de-la-escuela-de-empleo-comienza-su-periodo-de-practicas-en-empresas","status":"publish","type":"post","link":"https:\/\/fg.ull.es\/hemeroteca\/2015\/06\/30\/el-alumnado-de-la-escuela-de-empleo-comienza-su-periodo-de-practicas-en-empresas\/","title":{"rendered":"El alumnado de la Escuela de Empleo comienza su periodo de pr\u00e1cticas en empresas"},"content":{"rendered":"<h1>El alumnado de la Escuela de Empleo comienza su periodo de pr\u00e1cticas en empresas<\/h1>\n<p>&nbsp;<\/p>\n<h4>Las pr\u00e1cticas comenzar\u00e1n a realizarse a partir de ma\u00f1ana mi\u00e9rcoles, 1 de julio. El alumnado realizar\u00e1 un total de 100 horas de pr\u00e1cticas en empresas relacionadas con su perfil profesional, en las que podr\u00e1n demostrar todo lo aprendido durante la parte formativa de la Escuela.<\/h4>\n<p>&nbsp;<\/p>\n<div class=\"contingut_tiny\">\nLos participantes de la segunda edici\u00f3n de la Escuela de Empleo finalizaron las clases el pasado 19 de junio. Tras haber superado todos los m\u00f3dulos anteriores del programa formativo, a partir de ma\u00f1ana mi\u00e9rcoles, 1 de julio, comenzar\u00e1n su periodo de pr\u00e1cticas en empresas relacionadas con su perfil profesional. En total, realizar\u00e1n 100 horas de pr\u00e1cticas en las que podr\u00e1n demostrar todo lo aprendido durante la parte formativa de la Escuela, reforzando as\u00ed su perfil profesional mediante la adquisici\u00f3n de experiencia relacionada con su contexto laboral.<br \/>\nLas pr\u00e1cticas en empresa son una de las principales novedades que incluye el proyecto en esta segunda edici\u00f3n. El objetivo de las mismas es proporcionar una formaci\u00f3n integral que permita al alumnado acercarse a la realidad empresarial, afianzando de esta manera las competencias adquiridas y potenciando su inserci\u00f3n en el entorno laboral.<br \/>\nLa Escuela de Empleo es un proyecto que conjuga formaci\u00f3n especializada y orientaci\u00f3n para facilitar el acceso al empleo. Pretende promover la empleabilidad de personas sin experiencia laboral, promoviendo la adquisici\u00f3n de competencias transversales, la b\u00fasqueda activa de empleo, potenciando el desarrollo de sus carreras profesionales y facilitando la inserci\u00f3n.<br \/>\n<a href=\"http:\/\/www.fg.ull.es\/es\/proyecto\/escuela_de_empleo\/73\/3\/\">(M\u00e1s informaci\u00f3n sobre la Escuela de Empleo aqu\u00ed)<\/a>\n<\/div>\n","protected":false},"excerpt":{"rendered":"<p>Las pr\u00e1cticas comenzar\u00e1n a realizarse a partir de ma\u00f1ana mi\u00e9rcoles, 1 de julio. El alumnado realizar\u00e1 un total de 100 horas de pr\u00e1cticas en empresas relacionadas con su perfil profesional, en las que podr\u00e1n demostrar todo lo aprendido durante la parte formativa de la Escuela.<\/p>\n","protected":false},"author":1,"featured_media":18305,"comment_status":"closed","ping_status":"closed","sticky":false,"template":"","format":"standard","meta":{"footnotes":""},"categories":[3],"tags":[518,671,672,1079,1353,1424],"featured_image_thumbnail_url":"https:\/\/fg.ull.es\/hemeroteca\/wp-content\/uploads\/sites\/14\/2015\/06\/A-300x200.jpg","_links":{"self":[{"href":"https:\/\/fg.ull.es\/hemeroteca\/wp-json\/wp\/v2\/posts\/18304"}],"collection":[{"href":"https:\/\/fg.ull.es\/hemeroteca\/wp-json\/wp\/v2\/posts"}],"about":[{"href":"https:\/\/fg.ull.es\/hemeroteca\/wp-json\/wp\/v2\/types\/post"}],"author":[{"embeddable":true,"href":"https:\/\/fg.ull.es\/hemeroteca\/wp-json\/wp\/v2\/users\/1"}],"replies":[{"embeddable":true,"href":"https:\/\/fg.ull.es\/hemeroteca\/wp-json\/wp\/v2\/comments?post=18304"}],"version-history":[{"count":0,"href":"https:\/\/fg.ull.es\/hemeroteca\/wp-json\/wp\/v2\/posts\/18304\/revisions"}],"wp:featuredmedia":[{"embeddable":true,"href":"https:\/\/fg.ull.es\/hemeroteca\/wp-json\/wp\/v2\/media\/18305"}],"wp:attachment":[{"href":"https:\/\/fg.ull.es\/hemeroteca\/wp-json\/wp\/v2\/media?parent=18304"}],"wp:term":[{"taxonomy":"category","embeddable":true,"href":"https:\/\/fg.ull.es\/hemeroteca\/wp-json\/wp\/v2\/categories?post=18304"},{"taxonomy":"post_tag","embeddable":true,"href":"https:\/\/fg.ull.es\/hemeroteca\/wp-json\/wp\/v2\/tags?post=18304"}],"curies":[{"name":"wp","href":"https:\/\/api.w.org\/{rel}","templated":true}]}}