{"id":18301,"date":"2015-06-30T09:07:00","date_gmt":"2015-06-30T09:07:00","guid":{"rendered":"http:\/\/www.fg.ull.es\/?p=18301"},"modified":"2015-06-30T09:07:00","modified_gmt":"2015-06-30T09:07:00","slug":"diecisiete-propuestas-emprendedoras-se-dan-cita-hoy-en-el-vii-foro-de-presentacion-de-proyectos-empresariales-de-emprende-ull","status":"publish","type":"post","link":"https:\/\/fg.ull.es\/hemeroteca\/2015\/06\/30\/diecisiete-propuestas-emprendedoras-se-dan-cita-hoy-en-el-vii-foro-de-presentacion-de-proyectos-empresariales-de-emprende-ull\/","title":{"rendered":"Diecisiete propuestas emprendedoras se dan cita hoy en el VII Foro de Presentaci\u00f3n de Proyectos Empresariales de Emprende.ull"},"content":{"rendered":"<h1>Diecisiete propuestas emprendedoras se dan cita hoy en el VII Foro de Presentaci\u00f3n de Proyectos Empresariales de Emprende.ull<\/h1>\n<p>&nbsp;<\/p>\n<h4>El Centro Ciudadano El Tranv\u00eda del barrio lagunero de La Cuesta acoge hoy, 30 de junio, de 9 a 14 horas la s\u00e9ptima edici\u00f3n de esta cita anual con el emprendimiento de la Universidad de La Laguna. El p\u00fablico asistente podr\u00e1 votar a sus proyectos preferidos sum\u00e1ndose a la valoraci\u00f3n de un jurado especializado.<\/h4>\n<p>&nbsp;<\/p>\n<div class=\"contingut_tiny\">\nHoy, 30 de junio, en el sal\u00f3n del Centro Ciudadano El Tranv\u00eda de La Cuesta se presentar\u00e1n 17 iniciativas emprendedoras que se han trabajado durante todo el a\u00f1o en el marco del semillero de proyectos de la Unidad de Emprendimiento de la Fundaci\u00f3n General de la ULL. Se trata de la cita anual que cada a\u00f1o organiza Emprende.ull para dar a conocer y apoyar las vocaciones empresariales de la comunidad universitaria de la ULL. Esta s\u00e9ptima edici\u00f3n del \u2018Foro de Presentaci\u00f3n de Proyectos Empresariales\u2019 estar\u00e1 presentada por el humorista canario Juanka, de Instinto C\u00f3mico.<br \/>\nEl evento ha comenzado a las 9 horas, con un acto de inauguraci\u00f3n al que han asistido Efra\u00edn Medina, consejero insular del Cabildo de Tenerife, Francisco Garc\u00eda Rodr\u00edguez, vicerrector de Relaciones con la Sociedad de la Universidad de La Laguna, y Vicente Zapata, director acad\u00e9mico de Barrios por el Empleo. Tras este, a las 9:30 horas los promotores de los proyectos han comenzado a exponer los puntos fuertes de sus propuestas empresariales en cinco minutos ante un jurado especializado y el p\u00fablico asistente, que podr\u00e1 participar en las votaciones. Ellos ser\u00e1n los encargados de elegir a los mejores proyectos empresariales, que recibir\u00e1n una serie de premios. En esta primera tanda de presentaci\u00f3n de proyectos intervendr\u00e1n:<\/p>\n<ul>\n<li>INSTRUTEC S.L.N.E. Desarrollo de instrumentaci\u00f3n y tecnolog\u00eda para la ciencia<\/li>\n<li>ISLANDS BMX. Venta de material deportivo especializado de BMX y gesti\u00f3n de circuitos<\/li>\n<li>CASARSE EN CANARIAS. Organizadores de Bodas<\/li>\n<li>SMORENO PSICOLOGIA. Atenci\u00f3n y asesoramiento psicol\u00f3gico<\/li>\n<li>BLACK PLAN. Estudio creativo de arquitectura y urbanismo<\/li>\n<li>QBE. Centro especializado de dificultades de aprendizaje<\/li>\n<li>SALUDHABLE TIEMPO DE PERSONAS. Centro para el bienestar integral<\/li>\n<li>\u00d3VALO. Papeler\u00eda y art\u00edculos de regalo<\/li>\n<li>COME WITH ME! Plataforma para compartir veh\u00edculo, barco y paqueter\u00eda<\/li>\n<\/ul>\n<p>A las 11 horas tendr\u00e1 lugar una pausa para desayunar y a las 11:30 horas se reanudar\u00e1 la exposici\u00f3n de las iniciativas empresariales. En este bloque se presentar\u00e1n los siguientes proyectos:<\/p>\n<ul>\n<li>LIVEBOX. Soluciones de streaming<\/li>\n<li>EBAVET. Centro veterinario especializado en medicina del comportamiento<\/li>\n<li>OPEN CODE CONSULTING. Soluciones tecnol\u00f3gicas basadas en software libre<\/li>\n<li>THE ESCAPE AREA. Espacio de ocio tem\u00e1tico<\/li>\n<li>LD ESTUDIO. Dise\u00f1o y gesti\u00f3n de proyectos de interiorismo<\/li>\n<li>POLARIS. Academia y agencia de idiomas eco-friendly, online y offline<\/li>\n<li>ESPACIO SATIVA. Atenci\u00f3n integral a personas mayores y familias<\/li>\n<li>_TIVITY. Plataforma de actividades y personas<\/li>\n<\/ul>\n<p>Tras las presentaciones, el p\u00fablico asistente realizar\u00e1 sus votaciones y el jurado especializado se retirar\u00e1 a deliberar. A las 13 horas el humorista Juanka realizar\u00e1 un mon\u00f3logo y, media hora m\u00e1s tarde, a las 13:30 horas se realizar\u00e1 la entrega de <a href=\"http:\/\/www.fg.ull.es\/es\/noticia\/los_premios_del_foro_de_presentacion_de_proyectos_empresariales_de_emprendeull_seran_posibles_gracias_a_sus_patrocinadores\/3253\/\">premios<\/a> a las mejores iniciativas empresariales.\n<\/div>\n","protected":false},"excerpt":{"rendered":"<p>El Centro Ciudadano El Tranv\u00eda del barrio lagunero de La Cuesta acoge hoy, 30 de junio, de 9 a 14 horas la s\u00e9ptima edici\u00f3n de esta cita anual con el emprendimiento de la Universidad de La Laguna. El p\u00fablico asistente podr\u00e1 votar a sus proyectos preferidos sum\u00e1ndose a la valoraci\u00f3n de un jurado especializado.<\/p>\n","protected":false},"author":1,"featured_media":18302,"comment_status":"closed","ping_status":"closed","sticky":false,"template":"","format":"standard","meta":{"footnotes":""},"categories":[3],"tags":[533,541,1353,1424],"featured_image_thumbnail_url":"https:\/\/fg.ull.es\/hemeroteca\/wp-content\/uploads\/sites\/14\/2015\/06\/AqNwW0wQNKbexM7JxcSV1c2CRaBkZqiaKx-RrLwzw-hx-300x225.jpg","_links":{"self":[{"href":"https:\/\/fg.ull.es\/hemeroteca\/wp-json\/wp\/v2\/posts\/18301"}],"collection":[{"href":"https:\/\/fg.ull.es\/hemeroteca\/wp-json\/wp\/v2\/posts"}],"about":[{"href":"https:\/\/fg.ull.es\/hemeroteca\/wp-json\/wp\/v2\/types\/post"}],"author":[{"embeddable":true,"href":"https:\/\/fg.ull.es\/hemeroteca\/wp-json\/wp\/v2\/users\/1"}],"replies":[{"embeddable":true,"href":"https:\/\/fg.ull.es\/hemeroteca\/wp-json\/wp\/v2\/comments?post=18301"}],"version-history":[{"count":0,"href":"https:\/\/fg.ull.es\/hemeroteca\/wp-json\/wp\/v2\/posts\/18301\/revisions"}],"wp:featuredmedia":[{"embeddable":true,"href":"https:\/\/fg.ull.es\/hemeroteca\/wp-json\/wp\/v2\/media\/18302"}],"wp:attachment":[{"href":"https:\/\/fg.ull.es\/hemeroteca\/wp-json\/wp\/v2\/media?parent=18301"}],"wp:term":[{"taxonomy":"category","embeddable":true,"href":"https:\/\/fg.ull.es\/hemeroteca\/wp-json\/wp\/v2\/categories?post=18301"},{"taxonomy":"post_tag","embeddable":true,"href":"https:\/\/fg.ull.es\/hemeroteca\/wp-json\/wp\/v2\/tags?post=18301"}],"curies":[{"name":"wp","href":"https:\/\/api.w.org\/{rel}","templated":true}]}}