{"id":18260,"date":"2015-06-25T09:30:41","date_gmt":"2015-06-25T09:30:41","guid":{"rendered":"http:\/\/www.fg.ull.es\/?p=18260"},"modified":"2015-06-25T09:30:41","modified_gmt":"2015-06-25T09:30:41","slug":"125-estudiantes-preuniversitarios-de-toda-canarias-participaran-en-el-campus-de-la-ciencia-y-la-tecnologia-de-la-ull-2015-a-partir-del-29-de-junio","status":"publish","type":"post","link":"https:\/\/fg.ull.es\/hemeroteca\/2015\/06\/25\/125-estudiantes-preuniversitarios-de-toda-canarias-participaran-en-el-campus-de-la-ciencia-y-la-tecnologia-de-la-ull-2015-a-partir-del-29-de-junio\/","title":{"rendered":"125 estudiantes preuniversitarios de toda Canarias participar\u00e1n en el Campus de la Ciencia y la Tecnolog\u00eda de la ULL 2015 a partir del 29 de junio"},"content":{"rendered":"<h1>125 estudiantes preuniversitarios de toda Canarias participar\u00e1n en el Campus de la Ciencia y la Tecnolog\u00eda de la ULL 2015 a partir del 29 de junio<\/h1>\n<p>&nbsp;<\/p>\n<h4>El Campus har\u00e1 protagonistas de sus propias investigaciones cient\u00edficas a los j\u00f3venes y comenzar\u00e1 con los de Biomedicina y Salud y Energ\u00eda, Biodiversidad y Medioambiente. Adem\u00e1s, se ha cerrado la campa\u00f1a de recaudaci\u00f3n a trav\u00e9s de micromecenazgo con la participaci\u00f3n de 76 aportantes.<\/h4>\n<p>&nbsp;<br \/>\nLa <a href=\"http:\/\/ciencia.fg.ull.es\/actividades\/campus-cientifico\/\">II edici\u00f3n del Campus de la Ciencia y la Tecnolog\u00eda <\/a>ya ha cerrado la fase de selecci\u00f3n de participantes para las dos modalidades que se desarrollar\u00e1n este verano: una para estudiantes que ya participaron en el a\u00f1o anterior bajo el nombre `Retos Cient\u00edficos\u00b4y que tendr\u00e1 como objetivo aplicar los conocimientos que adquirieron en la pasada edici\u00f3n a la resoluci\u00f3n de\u00a0 cuatro retos cient\u00edficos que se les plantear\u00e1n a lo largo de las dos semanas que durar\u00e1 el campus. Y otra dirigida a j\u00f3venes que deseen participar por primera vez que se denomina`Proyectos ID\u00b4.<br \/>\nSe recibieron un total de 177 solicitudes de j\u00f3venes de\u00a0 3\u00ba y 4\u00ba de ESO y 1\u00ba de Bachillerato con inter\u00e9s en participar en la iniciativa organizada por la <a href=\"http:\/\/ciencia.fg.ull.es\/\">Unidad de Cultura Cient\u00edfica y de la Innovaci\u00f3n de la Universidad de La Laguna, Cienci@ULL<\/a>. Tras la aplicaci\u00f3n de los criterios de selecci\u00f3n establecidos en las bases ya se ha hecho p\u00fablico el listado con los 125 chicos y chicas que participar\u00e1n en el Campus a partir del 29 de junio; los grupos de j\u00f3venes disfrutar\u00e1n de dos semanas durante las que conocer\u00e1 la investigaci\u00f3n que se hace en la Universidad de primera mano e, incluso, llevar\u00e1 a cabo su propia investigaci\u00f3n.<br \/>\nDe forma novedosa, la modalidad `Proyectos I D\u00b4 se dirige a todos los j\u00f3venes de Canarias y del total de ciento cincuenta y cuatro solicitudes recibidas han sido dieciocho las que proven\u00edan de otras islas adem\u00e1s de Tenerife. De estos, finalmente son diecis\u00e9is los j\u00f3venes que participar\u00e1n en el Campus: dos son de la isla de La Palma, uno de La Gomera, tres de El Hierro, otros tres de Fuerteventura y, por \u00faltimo, siete son de Gran Canaria. Destaca tambi\u00e9n que del total de solicitudes recibidas la mayor\u00eda, en torno a un 65%, proven\u00edan de chicas y, finalmente, ser\u00e1n 83 chicas y 42 chicos participando en el Campus.<br \/>\nLos participantes de los ejes de Biomedicina y Salud y de Energ\u00eda, Biodiversidad y Medioambiente, ser\u00e1n los encargados de inaugurar el Campus el pr\u00f3ximo <b>lunes 29 de junio<\/b>. A partir de este d\u00eda comenzar\u00e1n su descubrimiento de la ciencia y la investigaci\u00f3n de la mano de representantes de importantes grupos de investigaci\u00f3n de la Universidad de La Laguna, que colaboran desinteresadamente con esta actividad de promoci\u00f3n de las vocaciones cient\u00edficas y tecnol\u00f3gicas.<br \/>\nEn cuanto a la campa\u00f1a de financiaci\u00f3n colectiva para apoyar el desarrollo de esta iniciativa que se planteaba a trav\u00e9s de la plataforma de corowdfunding de la Fundaci\u00f3n General de la ULL <a href=\"http:\/\/www.mulltiplica.com\/\">mULLtiplica,<\/a> han sido un total de 76 aportantes y se han reunido 2.000 euros que servir\u00e1n para financiar gastos comunes del Campus como excursiones, transporte o talleres.<br \/>\nEl Campus de la Ciencia y la Tecnolog\u00eda de la ULL es una iniciativa de la Universidad de La Laguna y su Fundaci\u00f3n General, a trav\u00e9s de su Unidad de Cultura Cient\u00edfica y de la Innovaci\u00f3n (Cienci@ULL), y cofinanciada por la Fundaci\u00f3n Espa\u00f1a para la Ciencia y la Tecnolog\u00eda\u00a0 y la Agencia Canaria de Investigaci\u00f3n, Innovaci\u00f3n y Sociedad de la Informaci\u00f3n del Gobierno de Canarias. Cuenta con la colaboraci\u00f3n de diferentes centros de I D de la Isla de Tenerife y empresas canarias para su desarrollo.<\/p>\n","protected":false},"excerpt":{"rendered":"<p>El Campus har\u00e1 protagonistas de sus propias investigaciones cient\u00edficas a los j\u00f3venes y comenzar\u00e1 con los de Biomedicina y Salud y Energ\u00eda, Biodiversidad y Medioambiente. Adem\u00e1s, se ha cerrado la campa\u00f1a de recaudaci\u00f3n a trav\u00e9s de micromecenazgo con la participaci\u00f3n de 76 aportantes.<\/p>\n","protected":false},"author":1,"featured_media":18261,"comment_status":"closed","ping_status":"closed","sticky":false,"template":"","format":"standard","meta":{"footnotes":""},"categories":[8],"tags":[672,821,862,1353,1424],"featured_image_thumbnail_url":"https:\/\/fg.ull.es\/hemeroteca\/wp-content\/uploads\/sites\/14\/2015\/06\/un_instante_de_una_de_las_actividades_del_campus_de_la_ciencia_y_la_tecnologia_de_la_ulljpg-300x225.jpg","_links":{"self":[{"href":"https:\/\/fg.ull.es\/hemeroteca\/wp-json\/wp\/v2\/posts\/18260"}],"collection":[{"href":"https:\/\/fg.ull.es\/hemeroteca\/wp-json\/wp\/v2\/posts"}],"about":[{"href":"https:\/\/fg.ull.es\/hemeroteca\/wp-json\/wp\/v2\/types\/post"}],"author":[{"embeddable":true,"href":"https:\/\/fg.ull.es\/hemeroteca\/wp-json\/wp\/v2\/users\/1"}],"replies":[{"embeddable":true,"href":"https:\/\/fg.ull.es\/hemeroteca\/wp-json\/wp\/v2\/comments?post=18260"}],"version-history":[{"count":0,"href":"https:\/\/fg.ull.es\/hemeroteca\/wp-json\/wp\/v2\/posts\/18260\/revisions"}],"wp:featuredmedia":[{"embeddable":true,"href":"https:\/\/fg.ull.es\/hemeroteca\/wp-json\/wp\/v2\/media\/18261"}],"wp:attachment":[{"href":"https:\/\/fg.ull.es\/hemeroteca\/wp-json\/wp\/v2\/media?parent=18260"}],"wp:term":[{"taxonomy":"category","embeddable":true,"href":"https:\/\/fg.ull.es\/hemeroteca\/wp-json\/wp\/v2\/categories?post=18260"},{"taxonomy":"post_tag","embeddable":true,"href":"https:\/\/fg.ull.es\/hemeroteca\/wp-json\/wp\/v2\/tags?post=18260"}],"curies":[{"name":"wp","href":"https:\/\/api.w.org\/{rel}","templated":true}]}}